{"id":249188,"date":"2016-07-30T14:30:20","date_gmt":"2016-07-30T14:30:20","guid":{"rendered":"http:\/\/diariodominicano.ddns.net\/?p=249188"},"modified":"2016-07-30T14:30:20","modified_gmt":"2016-07-30T14:30:20","slug":"china-aboga-por-mayor-vinculo-entre-la-defensa-y-ciudadania","status":"publish","type":"post","link":"https:\/\/diariodominicano.com\/?p=249188","title":{"rendered":"&#13;China aboga por mayor v\u00ednculo entre la defensa y ciudadan\u00eda"},"content":{"rendered":"<p><body><\/p>\n<p><img decoding=\"async\" src=\"img3\/xi-jinping.jpg\" \/>  <\/p>\n<\/p>\n<p><span class=\"text1noticias\">\t <\/span><\/p>\n<p><span class=\"text1noticias\">  <\/span><\/p>\n<p><span class=\"text1noticias\">Beijing 30 jul (PL) La administraci\u00f3n nacional china promueve hoy nuevas relaciones entre las fuerzas armadas, el gobierno y la ciudadan\u00eda, de acuerdo con el presidente de este pa\u00eds, Xi Jinping. <\/span><\/p>\n<\/p>\n<p><span class=\"text1noticias\">Durante un encuentro con organizaciones y ciudadanos destacados que impulsan el v\u00ednculo c\u00edvico-militar, Xi calific\u00f3 la actual reforma en defensa nacional como revolucionaria y dijo que eso demanda el apoyo de todos los sectores.<\/span><\/p>\n<\/p>\n<p><span class=\"text1noticias\">Por su parte, el primer ministro Li Keqiang pidi\u00f3 establecer mecanismos de coordinaci\u00f3n entre militares y civiles para los servicios en tiempos de paz, as\u00ed como para el apoyo al frente durante la guerra.<\/span><\/p>\n<\/p>\n<p><span class=\"text1noticias\">Abog\u00f3 para que las empresas con ventaja competitiva sean guiadas a participar en la investigaci\u00f3n y manufactura de productos militares.<\/span><\/p>\n<\/p>\n<p><span class=\"text1noticias\">Asimismo, Li orden\u00f3 medidas especiales para garantizar que se ofrezca empleo a los soldados desmovilizados y llam\u00f3 a las agencias gubernamentales, empresas estatales e instituciones p\u00fablicas a emplear a m\u00e1s soldados desmovilizados.<\/span><\/p>\n<\/p>\n<p><span class=\"text1noticias\">En la ceremonia se otorgaron reconocimientos a 416 ciudades, distritos y poblados, a 64 organizaciones y a 100 individuos que impulsan las relaciones entre las fuerzas armadas y el p\u00fablico.<\/span><\/p>\n<\/p>\n<p><span class=\"text1noticias\">El Gobierno chino realiza este a\u00f1o una reforma a gran escala de sus Fuerzas Armadas.<\/span><\/p>\n<\/p>\n<p><span class=\"text1noticias\">Una de estas reformas es que el Ej\u00e9rcito Popular de Liberaci\u00f3n, que emplea a 2,3 millones de personas, planea reducir hasta 300 mil puestos en trabajos no relacionados directamente con el combate, como cocineros, m\u00e9dicos o periodistas acreditados por la Defensa china.<\/span><\/p>\n<\/p>\n<h6> 2016-07-30 14:30:20 <\/h6>\n<p><!--\n<link rel=\"stylesheet\" href=\"css\/bootstrap.min.css\">\n\n\n<ul class=\"pagination\">\n\t    \n\t\n\n<li >\n\t<a href='?page_no=18832'>Previous<\/a>\n\t<\/li>\n\n\n       \n    \n\n<li><a href='?page_no=1'>1<\/a><\/li>\n\n\n\n<li><a href='?page_no=2'>2<\/a><\/li>\n\n\n\n<li><a>...<\/a><\/li>\n\n\n\n<li><a href='?page_no=18831'>18831<\/a><\/li>\n\n\n\n<li><a href='?page_no=18832'>18832<\/a><\/li>\n\n\n\n<li class='active'><a>18833<\/a><\/li>\n\n\n\n<li><a href='?page_no=18834'>18834<\/a><\/li>\n\n\n\n<li><a href='?page_no=18835'>18835<\/a><\/li>\n\n\n\n<li><a>...<\/a><\/li>\n\n\n\n<li><a href='?page_no=51012'>51012<\/a><\/li>\n\n\n\n<li><a href='?page_no=51013'>51013<\/a><\/li>\n\n    \n\t\n\n<li >\n\t<a href='?page_no=18834'>Next<\/a>\n\t<\/li>\n\n\n    \n\n<li><a href='?page_no=51013'>Last &rsaquo;&rsaquo;<\/a><\/li>\n\n<\/ul>\n\n\n--><br \/>\n<\/body><\/p>\n","protected":false},"excerpt":{"rendered":"<p>Beijing 30 jul (PL) La administraci\u00f3n nacional china promueve hoy nuevas relaciones entre las fuerzas armadas, el gobierno y la ciudadan\u00eda, de acuerdo con el presidente de este pa\u00eds, Xi Jinping. Durante un encuentro con organizaciones y ciudadanos destacados que impulsan el v\u00ednculo c\u00edvico-militar, Xi calific\u00f3 la actual reforma en defensa nacional como revolucionaria y [&hellip;]<\/p>\n","protected":false},"author":3,"featured_media":0,"comment_status":"open","ping_status":"open","sticky":false,"template":"","format":"standard","meta":{"footnotes":""},"categories":[23],"tags":[],"class_list":["post-249188","post","type-post","status-publish","format-standard","hentry","category-internacional"],"_links":{"self":[{"href":"https:\/\/diariodominicano.com\/index.php?rest_route=\/wp\/v2\/posts\/249188","targetHints":{"allow":["GET"]}}],"collection":[{"href":"https:\/\/diariodominicano.com\/index.php?rest_route=\/wp\/v2\/posts"}],"about":[{"href":"https:\/\/diariodominicano.com\/index.php?rest_route=\/wp\/v2\/types\/post"}],"author":[{"embeddable":true,"href":"https:\/\/diariodominicano.com\/index.php?rest_route=\/wp\/v2\/users\/3"}],"replies":[{"embeddable":true,"href":"https:\/\/diariodominicano.com\/index.php?rest_route=%2Fwp%2Fv2%2Fcomments&post=249188"}],"version-history":[{"count":0,"href":"https:\/\/diariodominicano.com\/index.php?rest_route=\/wp\/v2\/posts\/249188\/revisions"}],"wp:attachment":[{"href":"https:\/\/diariodominicano.com\/index.php?rest_route=%2Fwp%2Fv2%2Fmedia&parent=249188"}],"wp:term":[{"taxonomy":"category","embeddable":true,"href":"https:\/\/diariodominicano.com\/index.php?rest_route=%2Fwp%2Fv2%2Fcategories&post=249188"},{"taxonomy":"post_tag","embeddable":true,"href":"https:\/\/diariodominicano.com\/index.php?rest_route=%2Fwp%2Fv2%2Ftags&post=249188"}],"curies":[{"name":"wp","href":"https:\/\/api.w.org\/{rel}","templated":true}]}}