{"id":249186,"date":"2016-07-30T14:37:46","date_gmt":"2016-07-30T14:37:46","guid":{"rendered":"http:\/\/diariodominicano.ddns.net\/?p=249186"},"modified":"2016-07-30T14:37:46","modified_gmt":"2016-07-30T14:37:46","slug":"mueren-35-milicianos-kurdos-en-enfrentamiento-con-ejercito-turco","status":"publish","type":"post","link":"https:\/\/diariodominicano.com\/?p=249186","title":{"rendered":"&#13;Mueren 35 milicianos kurdos en enfrentamiento con Ej\u00e9rcito turco"},"content":{"rendered":"<p><body><\/p>\n<p><img decoding=\"async\" src=\"img3\/kurdos.jpg\" \/>  <\/p>\n<\/p>\n<p><span class=\"text1noticias\">\t <\/span><\/p>\n<p><span class=\"text1noticias\">  <\/span><\/p>\n<p><span class=\"text1noticias\">Ankara, 30 jul (PL) Unos 35 milicianos del proscrito Partido de los Trabajadores del Kurdist\u00e1n (PKK) resultaron muertos hoy tras un enfrentamiento con el Ej\u00e9rcito turco en la provincia de Hakkari.<\/span><\/p>\n<\/p>\n<p><span class=\"text1noticias\">Seg\u00fan un reporte emitido por el Ej\u00e9rcito de Turqu\u00eda, el choque tuvo lugar en una base militar de la citada locaci\u00f3n, ubicada al sureste del pa\u00eds euroasi\u00e1tico.<\/span><\/p>\n<\/p>\n<p><span class=\"text1noticias\">El enfrentamiento comenz\u00f3 s\u00f3lo horas despu\u00e9s de un importante intercambio de tiros en Cukurca (Hakkari) tras la cual ocho soldados fueron abatidos por las milicias del PKK, el cual lucha por su autonom\u00eda.<\/span><\/p>\n<\/p>\n<p><span class=\"text1noticias\">El asalto a la base fue llevado a cabo por tres grupos de combatientes, los cuales no pudieron alcanzar su objetivo al ser identificados por el reconocimiento a\u00e9reo de las fuerzas turcas.<\/span><\/p>\n<\/p>\n<p><span class=\"text1noticias\">Finalmente, se inform\u00f3 que 23 de ellos murieron en un bombardeo y otros cuatro en una operaci\u00f3n terrestre, mientras que los ocho restantes perecieron tras ser perseguidos y baleados por los militares en el \u00e1rea de Cukurca<\/span><\/p>\n<\/p>\n<h6> 2016-07-30 14:37:46 <\/h6>\n<p><!--\n<link rel=\"stylesheet\" href=\"css\/bootstrap.min.css\">\n\n\n<ul class=\"pagination\">\n\t    \n\t\n\n<li >\n\t<a href='?page_no=18830'>Previous<\/a>\n\t<\/li>\n\n\n       \n    \n\n<li><a href='?page_no=1'>1<\/a><\/li>\n\n\n\n<li><a href='?page_no=2'>2<\/a><\/li>\n\n\n\n<li><a>...<\/a><\/li>\n\n\n\n<li><a href='?page_no=18829'>18829<\/a><\/li>\n\n\n\n<li><a href='?page_no=18830'>18830<\/a><\/li>\n\n\n\n<li class='active'><a>18831<\/a><\/li>\n\n\n\n<li><a href='?page_no=18832'>18832<\/a><\/li>\n\n\n\n<li><a href='?page_no=18833'>18833<\/a><\/li>\n\n\n\n<li><a>...<\/a><\/li>\n\n\n\n<li><a href='?page_no=51012'>51012<\/a><\/li>\n\n\n\n<li><a href='?page_no=51013'>51013<\/a><\/li>\n\n    \n\t\n\n<li >\n\t<a href='?page_no=18832'>Next<\/a>\n\t<\/li>\n\n\n    \n\n<li><a href='?page_no=51013'>Last &rsaquo;&rsaquo;<\/a><\/li>\n\n<\/ul>\n\n\n--><br \/>\n<\/body><\/p>\n","protected":false},"excerpt":{"rendered":"<p>Ankara, 30 jul (PL) Unos 35 milicianos del proscrito Partido de los Trabajadores del Kurdist\u00e1n (PKK) resultaron muertos hoy tras un enfrentamiento con el Ej\u00e9rcito turco en la provincia de Hakkari. Seg\u00fan un reporte emitido por el Ej\u00e9rcito de Turqu\u00eda, el choque tuvo lugar en una base militar de la citada locaci\u00f3n, ubicada al sureste [&hellip;]<\/p>\n","protected":false},"author":3,"featured_media":0,"comment_status":"open","ping_status":"open","sticky":false,"template":"","format":"standard","meta":{"footnotes":""},"categories":[23],"tags":[],"class_list":["post-249186","post","type-post","status-publish","format-standard","hentry","category-internacional"],"_links":{"self":[{"href":"https:\/\/diariodominicano.com\/index.php?rest_route=\/wp\/v2\/posts\/249186","targetHints":{"allow":["GET"]}}],"collection":[{"href":"https:\/\/diariodominicano.com\/index.php?rest_route=\/wp\/v2\/posts"}],"about":[{"href":"https:\/\/diariodominicano.com\/index.php?rest_route=\/wp\/v2\/types\/post"}],"author":[{"embeddable":true,"href":"https:\/\/diariodominicano.com\/index.php?rest_route=\/wp\/v2\/users\/3"}],"replies":[{"embeddable":true,"href":"https:\/\/diariodominicano.com\/index.php?rest_route=%2Fwp%2Fv2%2Fcomments&post=249186"}],"version-history":[{"count":0,"href":"https:\/\/diariodominicano.com\/index.php?rest_route=\/wp\/v2\/posts\/249186\/revisions"}],"wp:attachment":[{"href":"https:\/\/diariodominicano.com\/index.php?rest_route=%2Fwp%2Fv2%2Fmedia&parent=249186"}],"wp:term":[{"taxonomy":"category","embeddable":true,"href":"https:\/\/diariodominicano.com\/index.php?rest_route=%2Fwp%2Fv2%2Fcategories&post=249186"},{"taxonomy":"post_tag","embeddable":true,"href":"https:\/\/diariodominicano.com\/index.php?rest_route=%2Fwp%2Fv2%2Ftags&post=249186"}],"curies":[{"name":"wp","href":"https:\/\/api.w.org\/{rel}","templated":true}]}}