{"id":249184,"date":"2016-07-31T08:04:18","date_gmt":"2016-07-31T08:04:18","guid":{"rendered":"http:\/\/diariodominicano.ddns.net\/?p=249184"},"modified":"2016-07-31T08:04:18","modified_gmt":"2016-07-31T08:04:18","slug":"el-papa-exhorta-a-los-jovenes-a-que-el-evangelio-sea-el-navegador-de-sus-vidas","status":"publish","type":"post","link":"https:\/\/diariodominicano.com\/?p=249184","title":{"rendered":"El papa exhorta a los j\u00f3venes a que el Evangelio sea el \u00abnavegador\u00bb de sus vidas&#13;"},"content":{"rendered":"<p><body><\/p>\n<p><img decoding=\"async\" src=\"img3\/e4993851a22440a90591fdfa662817dc39af67f7.jpg\" \/><br \/><img decoding=\"async\" src=\"img3\/6d09a5fce9ed9b53141060f8d8fb4bbc91ccff42.jpg\" \/>  <\/p>\n<p>31 Jul 2016<\/p>\n<\/p>\n<p>AFP \/ Filippo Monteforte<\/p>\n<p>El papa Francisco oficia misa en el Campo de la Misericordia, en Brzegi, cerca de la ciudad polaca de Cracovia, el 31 de julio de 2016, durante la Jornada Mundial de la Juventud (JMJ)<\/p>\n<p>El papa Francisco exhort\u00f3 este domingo a los j\u00f3venes de todo mundo a que conviertan el Evangelio en el \u00abnavegador\u00bb de sus vidas y que la oraci\u00f3n sea su primer \u00abchat\u00bb del d\u00eda.<\/p>\n<p>El papa emple\u00f3 ese original lenguaje inform\u00e1tico en la homil\u00eda de clausura de la Jornada Mundial de la Juventud cat\u00f3lica que se celebra en Polonia. A la misa asistieron dos millones y medio de personas, congregadas en el inmenso campo de Brzegi, a las afueras de Cracovia, seg\u00fan las cifras de la organizaci\u00f3n.<\/p>\n<p>\u00abEstimamos por ahora que asisten entre 2,5 y 3 millones de personas\u00bb, indic\u00f3 a la AFP Anna Chmura, portavoz del comit\u00e9 organizador.<\/p>\n<p>El Se\u00f1or \u00abespera que, entre tantos contactos y chats de cada d\u00eda, el primer puesto lo ocupe el hilo de oro de la oraci\u00f3n\u00bb, dijo. \u00abCu\u00e1nto desea que su Palabra hable a cada una de tus jornadas, que su Evangelio sea tuyo y se convierta en tu &#8216;navegador&#8217; en el camino de la vida\u00bb, agreg\u00f3.<\/p>\n<p>El papa lleg\u00f3 al inmenso Campo de la Misericordia, a unos 12 kil\u00f3metros de Cracovia, a bordo de un papam\u00f3vil blanco, donde fue ovacionado y aplaudido por una masa entusiasta de j\u00f3venes de todas las nacionalidades, acampados en plena naturaleza para compartir y meditar bajo las estrellas sobre fraternidad y fe.<\/p>\n<p>Francisco recomend\u00f3 a los j\u00f3venes que rechacen la tristeza, \u00abun virus que infecta y paraliza todo, que cierra cualquier puerta, que impide que la vida se reavive, que recomience\u00bb.<\/p>\n<p>\u00abSiempre nos espera con esperanza, incluso cuando nos encerramos en nuestras tristezas, rumiando continuamente los males sufridos y el pasado. Pero complacerse en la tristeza no es digno de nuestra estatura espiritual\u00bb, explic\u00f3.<\/p>\n<p>Con el mismo tono, pidi\u00f3 a los j\u00f3venes que empleen \u00abla conexi\u00f3n m\u00e1s estable, la de un coraz\u00f3n que ve y transmite el bien sin cansarse\u00bb, que adem\u00e1s \u00abgratuita\u00bb, agreg\u00f3.<\/p>\n<\/p>\n<p>AFP \/ Filippo Monteforte<\/p>\n<p>El papa Francisco oficia misa en el Campo de la Misericordia de Brzegi, cerca de la ciudad polaca de Cracovia, el 31 de julio de 2016, para cerrar la Jornada Mundial de la Juventud (JMJ)<\/p>\n<p>La misa marca el final de una visita de Francisco de cinco d\u00edas a Polonia, marcada por momentos emocionantes, como el silencioso recorrido por los campos de exterminio de Auschwitz y su ruego contra todas las guerras y a favor de los pobres y olvidados.<\/p>\n<p>La v\u00edspera, en ese mismo campo, el papa urgi\u00f3 a la multitud de j\u00f3venes a \u00abno ser suplentes\u00bb en la vida y a no \u00abvegetar\u00bb c\u00f3modamente en el \u00absof\u00e1\u00bb, en un nuevo y original llamamiento a los cat\u00f3licos a construir un mundo m\u00e1s justo.<\/p>\n<p>\u00abQueridos j\u00f3venes: no vinimos a este mundo a vegetar, a pasarla c\u00f3modamente, a hacer de la vida un sof\u00e1 que nos adormezca; al contrario, hemos venido a dejar una huella\u00bb, dijo.<\/p>\n<p>Un discurso que conten\u00eda muchas claves de su mensaje como jefe de la Iglesia cat\u00f3lica, directo y en ocasiones tambi\u00e9n chistoso, con el que papa argentino quiso sacudir las conciencias de los j\u00f3venes y convertir el \u00abWoodstock cat\u00f3lico\u00bb en un momento de reflexi\u00f3n.<\/p>\n<p>Asimismo, el papa Francisco anunci\u00f3 este domingo que Panam\u00e1 ser\u00e1 en 2019 la sede de la pr\u00f3xima edici\u00f3n de la Jornada Mundial de la Juventud.<\/p>\n<p>El anuncio se hizo durante el \u00c1ngelus pronunciado al t\u00e9rmino de la multitudinaria misa celebrada en el Campo de la Misericordia, a las afueras de Cracovia, en presencia del presidente paname\u00f1o, Juan Carlos Varela, y fue recibido con una lluvia de confetis blancos.<\/p>\n<p>\u00abAnuncio con alegr\u00eda que la pr\u00f3xima Jornada Mundial de Juventud (&#8230;) ser\u00e1 en el 2019 en Panam\u00e1\u00bb, dijo.<\/p>\n<p>Se trata de la primera edici\u00f3n que se celebra en un pa\u00eds centroamericano. Panam\u00e1 tiene 3,6 millones de personas, la gran mayor\u00eda cat\u00f3licos.<\/p>\n<p>\u00abPrimero que todo quiero dar gracias a Dios. Es como un milagro. Doy gracias tambi\u00e9n al papa y al presidente por todo esto. Estamos superalegres. Es una bendici\u00f3n. \u00a1Dios m\u00edo, que felicidad!\u00bb, coment\u00f3 a la AFP la paname\u00f1a Ivana Urrutia, de 16 a\u00f1os, entre los asistentes a la gran fiesta de la juventud cat\u00f3lica.<\/p>\n<h6> 2016-07-31 08:04:18 <\/h6>\n<p><!--\n<link rel=\"stylesheet\" href=\"css\/bootstrap.min.css\">\n\n\n<ul class=\"pagination\">\n\t    \n\t\n\n<li >\n\t<a href='?page_no=18828'>Previous<\/a>\n\t<\/li>\n\n\n       \n    \n\n<li><a href='?page_no=1'>1<\/a><\/li>\n\n\n\n<li><a href='?page_no=2'>2<\/a><\/li>\n\n\n\n<li><a>...<\/a><\/li>\n\n\n\n<li><a href='?page_no=18827'>18827<\/a><\/li>\n\n\n\n<li><a href='?page_no=18828'>18828<\/a><\/li>\n\n\n\n<li class='active'><a>18829<\/a><\/li>\n\n\n\n<li><a href='?page_no=18830'>18830<\/a><\/li>\n\n\n\n<li><a href='?page_no=18831'>18831<\/a><\/li>\n\n\n\n<li><a>...<\/a><\/li>\n\n\n\n<li><a href='?page_no=51012'>51012<\/a><\/li>\n\n\n\n<li><a href='?page_no=51013'>51013<\/a><\/li>\n\n    \n\t\n\n<li >\n\t<a href='?page_no=18830'>Next<\/a>\n\t<\/li>\n\n\n    \n\n<li><a href='?page_no=51013'>Last &rsaquo;&rsaquo;<\/a><\/li>\n\n<\/ul>\n\n\n--><br \/>\n<\/body><\/p>\n","protected":false},"excerpt":{"rendered":"<p>31 Jul 2016 AFP \/ Filippo Monteforte El papa Francisco oficia misa en el Campo de la Misericordia, en Brzegi, cerca de la ciudad polaca de Cracovia, el 31 de julio de 2016, durante la Jornada Mundial de la Juventud (JMJ) El papa Francisco exhort\u00f3 este domingo a los j\u00f3venes de todo mundo a que [&hellip;]<\/p>\n","protected":false},"author":3,"featured_media":0,"comment_status":"open","ping_status":"open","sticky":false,"template":"","format":"standard","meta":{"footnotes":""},"categories":[23],"tags":[],"class_list":["post-249184","post","type-post","status-publish","format-standard","hentry","category-internacional"],"_links":{"self":[{"href":"https:\/\/diariodominicano.com\/index.php?rest_route=\/wp\/v2\/posts\/249184","targetHints":{"allow":["GET"]}}],"collection":[{"href":"https:\/\/diariodominicano.com\/index.php?rest_route=\/wp\/v2\/posts"}],"about":[{"href":"https:\/\/diariodominicano.com\/index.php?rest_route=\/wp\/v2\/types\/post"}],"author":[{"embeddable":true,"href":"https:\/\/diariodominicano.com\/index.php?rest_route=\/wp\/v2\/users\/3"}],"replies":[{"embeddable":true,"href":"https:\/\/diariodominicano.com\/index.php?rest_route=%2Fwp%2Fv2%2Fcomments&post=249184"}],"version-history":[{"count":0,"href":"https:\/\/diariodominicano.com\/index.php?rest_route=\/wp\/v2\/posts\/249184\/revisions"}],"wp:attachment":[{"href":"https:\/\/diariodominicano.com\/index.php?rest_route=%2Fwp%2Fv2%2Fmedia&parent=249184"}],"wp:term":[{"taxonomy":"category","embeddable":true,"href":"https:\/\/diariodominicano.com\/index.php?rest_route=%2Fwp%2Fv2%2Fcategories&post=249184"},{"taxonomy":"post_tag","embeddable":true,"href":"https:\/\/diariodominicano.com\/index.php?rest_route=%2Fwp%2Fv2%2Ftags&post=249184"}],"curies":[{"name":"wp","href":"https:\/\/api.w.org\/{rel}","templated":true}]}}