{"id":249183,"date":"2016-07-31T08:12:34","date_gmt":"2016-07-31T08:12:34","guid":{"rendered":"http:\/\/diariodominicano.ddns.net\/?p=249183"},"modified":"2016-07-31T08:12:34","modified_gmt":"2016-07-31T08:12:34","slug":"panama-sera-la-sede-en-2019-de-la-proxima-jmj","status":"publish","type":"post","link":"https:\/\/diariodominicano.com\/?p=249183","title":{"rendered":"Panam\u00e1 ser\u00e1 la sede en 2019 de la pr\u00f3xima JMJ"},"content":{"rendered":"<p><body><\/p>\n<p><img decoding=\"async\" src=\"img3\/41fb1b08468a24d7dd78c1eb7957868d9b054e81.jpg\" \/>  <\/p>\n<\/p>\n<p>31 Jul 2016<\/p>\n<\/p>\n<p>AFP \/ Janek Skarzynski<\/p>\n<p>El papa Francisco dialoga con el presidente de Panam\u00e1, Juan Carlos Varela (d), tras la misa en el Campo de la Misericordia de Brzegi, cerca de la ciudad polaca de Cracovia, el 31 de julio de 2016<\/p>\n<p>El papa Francisco anunci\u00f3 este domingo que Panam\u00e1 ser\u00e1 en 2019 la sede de la pr\u00f3xima edici\u00f3n de la Jornada Mundial de la Juventud, en una misa celebrada en Polonia en presencia del presidente paname\u00f1o, Juan Carlos Varela.<\/p>\n<p>El anuncio se hizo durante el \u00c1ngelus pronunciado al t\u00e9rmino de la multitudinaria misa celebrada en el Campo de la Misericordia, a las afueras de Cracovia, y fue recibido con una lluvia de confetis blancos.<\/p>\n<p>\u00abAnuncio con alegr\u00eda que la pr\u00f3xima Jornada Mundial de Juventud (&#8230;) ser\u00e1 en el 2019 en Panam\u00e1\u00bb, dijo.<\/p>\n<p>Se trata de la primera edici\u00f3n que se celebra en un pa\u00eds centroamericano. Panam\u00e1 tiene 3,6 millones de personas, la gran mayor\u00eda cat\u00f3licos.<\/p>\n<p>\u00abPrimero que todo quiero dar gracias a Dios. Es como un milagro. Doy gracias tambi\u00e9n al papa y al presidente por todo esto. Estamos superalegres. Es una bendici\u00f3n. \u00a1Dios m\u00edo, que felicidad!\u00bb, coment\u00f3 a la AFP la paname\u00f1a Ivana Urrutia, de 16 a\u00f1os, entre los asistentes a la gran fiesta de la juventud cat\u00f3lica.<\/p>\n<h6> 2016-07-31 08:12:34 <\/h6>\n<p><!--\n<link rel=\"stylesheet\" href=\"css\/bootstrap.min.css\">\n\n\n<ul class=\"pagination\">\n\t    \n\t\n\n<li >\n\t<a href='?page_no=18827'>Previous<\/a>\n\t<\/li>\n\n\n       \n    \n\n<li><a href='?page_no=1'>1<\/a><\/li>\n\n\n\n<li><a href='?page_no=2'>2<\/a><\/li>\n\n\n\n<li><a>...<\/a><\/li>\n\n\n\n<li><a href='?page_no=18826'>18826<\/a><\/li>\n\n\n\n<li><a href='?page_no=18827'>18827<\/a><\/li>\n\n\n\n<li class='active'><a>18828<\/a><\/li>\n\n\n\n<li><a href='?page_no=18829'>18829<\/a><\/li>\n\n\n\n<li><a href='?page_no=18830'>18830<\/a><\/li>\n\n\n\n<li><a>...<\/a><\/li>\n\n\n\n<li><a href='?page_no=51012'>51012<\/a><\/li>\n\n\n\n<li><a href='?page_no=51013'>51013<\/a><\/li>\n\n    \n\t\n\n<li >\n\t<a href='?page_no=18829'>Next<\/a>\n\t<\/li>\n\n\n    \n\n<li><a href='?page_no=51013'>Last &rsaquo;&rsaquo;<\/a><\/li>\n\n<\/ul>\n\n\n--><br \/>\n<\/body><\/p>\n","protected":false},"excerpt":{"rendered":"<p>31 Jul 2016 AFP \/ Janek Skarzynski El papa Francisco dialoga con el presidente de Panam\u00e1, Juan Carlos Varela (d), tras la misa en el Campo de la Misericordia de Brzegi, cerca de la ciudad polaca de Cracovia, el 31 de julio de 2016 El papa Francisco anunci\u00f3 este domingo que Panam\u00e1 ser\u00e1 en 2019 [&hellip;]<\/p>\n","protected":false},"author":3,"featured_media":0,"comment_status":"open","ping_status":"open","sticky":false,"template":"","format":"standard","meta":{"footnotes":""},"categories":[23],"tags":[],"class_list":["post-249183","post","type-post","status-publish","format-standard","hentry","category-internacional"],"_links":{"self":[{"href":"https:\/\/diariodominicano.com\/index.php?rest_route=\/wp\/v2\/posts\/249183","targetHints":{"allow":["GET"]}}],"collection":[{"href":"https:\/\/diariodominicano.com\/index.php?rest_route=\/wp\/v2\/posts"}],"about":[{"href":"https:\/\/diariodominicano.com\/index.php?rest_route=\/wp\/v2\/types\/post"}],"author":[{"embeddable":true,"href":"https:\/\/diariodominicano.com\/index.php?rest_route=\/wp\/v2\/users\/3"}],"replies":[{"embeddable":true,"href":"https:\/\/diariodominicano.com\/index.php?rest_route=%2Fwp%2Fv2%2Fcomments&post=249183"}],"version-history":[{"count":0,"href":"https:\/\/diariodominicano.com\/index.php?rest_route=\/wp\/v2\/posts\/249183\/revisions"}],"wp:attachment":[{"href":"https:\/\/diariodominicano.com\/index.php?rest_route=%2Fwp%2Fv2%2Fmedia&parent=249183"}],"wp:term":[{"taxonomy":"category","embeddable":true,"href":"https:\/\/diariodominicano.com\/index.php?rest_route=%2Fwp%2Fv2%2Fcategories&post=249183"},{"taxonomy":"post_tag","embeddable":true,"href":"https:\/\/diariodominicano.com\/index.php?rest_route=%2Fwp%2Fv2%2Ftags&post=249183"}],"curies":[{"name":"wp","href":"https:\/\/api.w.org\/{rel}","templated":true}]}}