{"id":249182,"date":"2016-07-31T08:19:22","date_gmt":"2016-07-31T08:19:22","guid":{"rendered":"http:\/\/diariodominicano.ddns.net\/?p=249182"},"modified":"2016-07-31T08:19:22","modified_gmt":"2016-07-31T08:19:22","slug":"el-gobierno-turco-destituye-a-otros-1-400-militares","status":"publish","type":"post","link":"https:\/\/diariodominicano.com\/?p=249182","title":{"rendered":"El Gobierno turco destituye a otros 1.400 militares"},"content":{"rendered":"<p><body><\/p>\n<p><img decoding=\"async\" src=\"img3\/415f421c677e26a31bb50449e4e0ff4f40ec9d3b.jpg\" \/>  <\/p>\n<p>31 Jul 2016<\/p>\n<\/p>\n<p>AFP \/ Adem Altan<\/p>\n<p>Una imagen del presidente Recep Tayyip Erdogan, vista a trav\u00e9s de una bandera turca durante una protesta contra el fallido golpe de Estado el 25 de julio de 2016 en la Plaza Kizilay de Ankara<\/p>\n<p>Cerca de 1.400 militares fueron destituidos el s\u00e1bado en Turqu\u00eda, entre ellos el consejero militar m\u00e1s cercano al presidente, Recep Tayyip Erdogan, acusados de estar implicados en el fallido golpe de Estado del 15 de julio, seg\u00fan un decreto oficial publicado este domingo.<\/p>\n<p>El edec\u00e1n de Erdogan, Ali Yazici, hab\u00eda sido detenidos cinco d\u00edas despu\u00e9s de la intentona.<\/p>\n<p>Los militares fueron destituidos debido a sus supuestos v\u00ednculos con el movimiento del predicador Fethullah G\u00fclen, al que el Gobierno califica de \u00abterrorista\u00bb y acusa de haber organizado el intento de golpe.<\/p>\n<p>G\u00fclen, un exaliado de Erdogan que reside en Estados Unidos, niega cualquier participaci\u00f3n en los hechos.<\/p>\n<p>En total, 1.389 militares han sido destituidos, entre ellos el general Leven Turkkan, jefe del estado mayor de las Fuerzas Armadas.<\/p>\n<p>La semana pasado, 149 generales, casi la mitad del generalato, as\u00ed como 1.099 oficiales y 436 suboficiales, tambi\u00e9n hab\u00edan sido destituidos.<\/p>\n<p>Este domingo, el Gobierno decret\u00f3 el cierre de todas las escuelas militares, una medida que apunta a retomar el control de la formaci\u00f3n de los oficiales.<\/p>\n<p>Por otra parte, los hospitales militares fueron colocados bajo la autoridad civil del Ministerio de Sanidad.<\/p>\n<h6> 2016-07-31 08:19:22 <\/h6>\n<p><!--\n<link rel=\"stylesheet\" href=\"css\/bootstrap.min.css\">\n\n\n<ul class=\"pagination\">\n\t    \n\t\n\n<li >\n\t<a href='?page_no=18826'>Previous<\/a>\n\t<\/li>\n\n\n       \n    \n\n<li><a href='?page_no=1'>1<\/a><\/li>\n\n\n\n<li><a href='?page_no=2'>2<\/a><\/li>\n\n\n\n<li><a>...<\/a><\/li>\n\n\n\n<li><a href='?page_no=18825'>18825<\/a><\/li>\n\n\n\n<li><a href='?page_no=18826'>18826<\/a><\/li>\n\n\n\n<li class='active'><a>18827<\/a><\/li>\n\n\n\n<li><a href='?page_no=18828'>18828<\/a><\/li>\n\n\n\n<li><a href='?page_no=18829'>18829<\/a><\/li>\n\n\n\n<li><a>...<\/a><\/li>\n\n\n\n<li><a href='?page_no=51012'>51012<\/a><\/li>\n\n\n\n<li><a href='?page_no=51013'>51013<\/a><\/li>\n\n    \n\t\n\n<li >\n\t<a href='?page_no=18828'>Next<\/a>\n\t<\/li>\n\n\n    \n\n<li><a href='?page_no=51013'>Last &rsaquo;&rsaquo;<\/a><\/li>\n\n<\/ul>\n\n\n--><br \/>\n<\/body><\/p>\n","protected":false},"excerpt":{"rendered":"<p>31 Jul 2016 AFP \/ Adem Altan Una imagen del presidente Recep Tayyip Erdogan, vista a trav\u00e9s de una bandera turca durante una protesta contra el fallido golpe de Estado el 25 de julio de 2016 en la Plaza Kizilay de Ankara Cerca de 1.400 militares fueron destituidos el s\u00e1bado en Turqu\u00eda, entre ellos el [&hellip;]<\/p>\n","protected":false},"author":3,"featured_media":0,"comment_status":"open","ping_status":"open","sticky":false,"template":"","format":"standard","meta":{"footnotes":""},"categories":[23],"tags":[],"class_list":["post-249182","post","type-post","status-publish","format-standard","hentry","category-internacional"],"_links":{"self":[{"href":"https:\/\/diariodominicano.com\/index.php?rest_route=\/wp\/v2\/posts\/249182","targetHints":{"allow":["GET"]}}],"collection":[{"href":"https:\/\/diariodominicano.com\/index.php?rest_route=\/wp\/v2\/posts"}],"about":[{"href":"https:\/\/diariodominicano.com\/index.php?rest_route=\/wp\/v2\/types\/post"}],"author":[{"embeddable":true,"href":"https:\/\/diariodominicano.com\/index.php?rest_route=\/wp\/v2\/users\/3"}],"replies":[{"embeddable":true,"href":"https:\/\/diariodominicano.com\/index.php?rest_route=%2Fwp%2Fv2%2Fcomments&post=249182"}],"version-history":[{"count":0,"href":"https:\/\/diariodominicano.com\/index.php?rest_route=\/wp\/v2\/posts\/249182\/revisions"}],"wp:attachment":[{"href":"https:\/\/diariodominicano.com\/index.php?rest_route=%2Fwp%2Fv2%2Fmedia&parent=249182"}],"wp:term":[{"taxonomy":"category","embeddable":true,"href":"https:\/\/diariodominicano.com\/index.php?rest_route=%2Fwp%2Fv2%2Fcategories&post=249182"},{"taxonomy":"post_tag","embeddable":true,"href":"https:\/\/diariodominicano.com\/index.php?rest_route=%2Fwp%2Fv2%2Ftags&post=249182"}],"curies":[{"name":"wp","href":"https:\/\/api.w.org\/{rel}","templated":true}]}}