{"id":249181,"date":"2016-07-31T08:24:52","date_gmt":"2016-07-31T08:24:52","guid":{"rendered":"http:\/\/diariodominicano.ddns.net\/?p=249181"},"modified":"2016-07-31T08:24:52","modified_gmt":"2016-07-31T08:24:52","slug":"el-gobierno-de-yemen-acepta-una-propuesta-de-paz-de-la-onu","status":"publish","type":"post","link":"https:\/\/diariodominicano.com\/?p=249181","title":{"rendered":"El Gobierno de Yemen acepta una propuesta de paz de la ONU"},"content":{"rendered":"<p><body><\/p>\n<p><img decoding=\"async\" src=\"img3\/6d853cc5968c7cd4f226eeeab5b2cf6d1552e25e.jpg\" \/>  <\/p>\n<\/p>\n<p>31 Jul 2016<\/p>\n<\/p>\n<p>AFP \/ Mohammed Huwais<\/p>\n<p>Unas estudiantes de secundaria yemen\u00edes realizan sus ex\u00e1menes finales el 30 de julio de 2016 en San\u00e1<\/p>\n<p>El Gobierno yemen\u00ed acept\u00f3 este domingo una propuesta de la ONU para poner fin al conflicto que empez\u00f3 hace 16 meses, mientras los rebeldes chiitas mantienen una postura desafiante con incursiones masivas en Arabia Saud\u00ed.<\/p>\n<p>La proposici\u00f3n satisface de manera general las demandas del Gobierno, apoyado por Arabia Saud\u00ed, y retoma varios puntos de la resoluci\u00f3n 2.216 del Consejo de Seguridad.<\/p>\n<p>Se trata de la retirada en 45 d\u00edas de los rebeldes chiitas hut\u00edes, respaldados por Ir\u00e1n, de las zonas ocupadas desde 2014, entre ellas la capital, San\u00e1.<\/p>\n<p>El acuerdo contempla asimismo la restituci\u00f3n de las armas pesadas robadas al ej\u00e9rcito, el levantamiento de los cercos de las ciudades y la puesta en libertad de todos los prisioneros.<\/p>\n<p>El anuncio del Gobierno lleg\u00f3 tras una reuni\u00f3n en la capital de Kuwait presidida por el presidente de Yemen, Abd Rabbo Mansur Hadi.<\/p>\n<p>Seg\u00fan los medios pol\u00edticos yemen\u00edes, el Gobierno acept\u00f3 la propuesta presionado por su aliado saud\u00ed, que busca bloquear a los rebeldes chiitas y demostrar as\u00ed que no quieren la paz.<\/p>\n<p>El s\u00e1bado, las autoridades yemen\u00edes estuvieron a punto de abandonar las negociaciones, que se iniciaron en abril sin llegar a ning\u00fan resultado hasta ahora, pero al final se resignaron a prolongarlas una semana m\u00e1s.<\/p>\n<p>\u00abLa reuni\u00f3n aprob\u00f3 el proyecto de acuerdo presentado por Naciones Unidas y que pide el fin del conflicto armado as\u00ed como la retirada [de los rebeldes] de San\u00e1 (&#8230;) y de las ciudades de Taez y Hodeida\u00bb, indica un comunicado publicado tras la reuni\u00f3n.<\/p>\n<p>Sin embargo, el obierno pone como condici\u00f3n previa que los rebeldes hut\u00edes y las fuerzas leales al expresidente Ali Abdala Saleh firmen el acuerdo antes del 7 de agosto.<\/p>\n<p>Pero los insurgentes no han reaccionado a este \u00faltimo plan de paz. Poco antes del anuncio del Gobierno, el portavoz de los hut\u00edes, Mohamed Abdelsalam, hab\u00eda dicho en Twitter que los rebeldes exig\u00edan una soluci\u00f3n completa para que los dos bandos compartan el poder.<\/p>\n<p>&#8211; Saleh, en primera l\u00ednea &#8211;<\/p>\n<p>Al mismo tiempo que la ONU elaboraba est\u00e1 nueva propuesta de paz, los rebeldes chiitas llevaron a cabo el s\u00e1bado una incursi\u00f3n masiva en el sur de Arabia Saud\u00ed, unos enfrentamientos que causaron la muerte a siete soldados saud\u00edes.<\/p>\n<p>La fuerza a\u00e9rea saud\u00ed intervino, provocando \u00abdecenas de muertos\u00bb en las filas de los rebeldes y sus aliados, seg\u00fan un comunicado de la coalici\u00f3n \u00e1rabe liderada por Riad en Yemen.<\/p>\n<p>Durante la noche, el expresidente Saleh reuni\u00f3 en San\u00e1 a miembros de su partido, el Congreso Popular General (CPG), para denunciar de nuevo la \u00ablegitimidad\u00bb de Hadi, exiliado en Riad pero considerado como el jefe de Estado de Yemen por la comunidad internacional.<\/p>\n<p>\u00abEl acuerdo estrat\u00e9gico [con los hut\u00edes] para establecer el Consejo Superior sirve para llenar el vac\u00edo pol\u00edtico tras el fin de la legitimidad de Hadi y su huida del pa\u00eds\u00bb, declar\u00f3.<\/p>\n<p>\u00abEste Consejo gobernar\u00e1 el pa\u00eds como instancia presidencial conforme a la Constituci\u00f3n y a las leyes en vigor\u00bb, insisti\u00f3.<\/p>\n<p>Pero la abolici\u00f3n de este acuerdo es uno de los puntos de la \u00faltima proposici\u00f3n de paz de la ONU, as\u00ed como la supresi\u00f3n de todas las decisiones tomadas por los rebeldes desde su ocupaci\u00f3n de San\u00e1, seg\u00fan el jefe de la delegaci\u00f3n gubernamental en las negociaciones de Kuwait y ministro de Relaciones Exteriores, Abdelmalek al Mikhlafi.<\/p>\n<p>Desde marzo de 2015, el conflicto en Yemen ha provocado al menos 6.400 muertos y 2,8 millones de personas desplazadas, seg\u00fan los datos de Naciones Unidas.<\/p>\n<h6> 2016-07-31 08:24:52 <\/h6>\n<p><!--\n<link rel=\"stylesheet\" href=\"css\/bootstrap.min.css\">\n\n\n<ul class=\"pagination\">\n\t    \n\t\n\n<li >\n\t<a href='?page_no=18825'>Previous<\/a>\n\t<\/li>\n\n\n       \n    \n\n<li><a href='?page_no=1'>1<\/a><\/li>\n\n\n\n<li><a href='?page_no=2'>2<\/a><\/li>\n\n\n\n<li><a>...<\/a><\/li>\n\n\n\n<li><a href='?page_no=18824'>18824<\/a><\/li>\n\n\n\n<li><a href='?page_no=18825'>18825<\/a><\/li>\n\n\n\n<li class='active'><a>18826<\/a><\/li>\n\n\n\n<li><a href='?page_no=18827'>18827<\/a><\/li>\n\n\n\n<li><a href='?page_no=18828'>18828<\/a><\/li>\n\n\n\n<li><a>...<\/a><\/li>\n\n\n\n<li><a href='?page_no=51012'>51012<\/a><\/li>\n\n\n\n<li><a href='?page_no=51013'>51013<\/a><\/li>\n\n    \n\t\n\n<li >\n\t<a href='?page_no=18827'>Next<\/a>\n\t<\/li>\n\n\n    \n\n<li><a href='?page_no=51013'>Last &rsaquo;&rsaquo;<\/a><\/li>\n\n<\/ul>\n\n\n--><br \/>\n<\/body><\/p>\n","protected":false},"excerpt":{"rendered":"<p>31 Jul 2016 AFP \/ Mohammed Huwais Unas estudiantes de secundaria yemen\u00edes realizan sus ex\u00e1menes finales el 30 de julio de 2016 en San\u00e1 El Gobierno yemen\u00ed acept\u00f3 este domingo una propuesta de la ONU para poner fin al conflicto que empez\u00f3 hace 16 meses, mientras los rebeldes chiitas mantienen una postura desafiante con incursiones [&hellip;]<\/p>\n","protected":false},"author":3,"featured_media":0,"comment_status":"open","ping_status":"open","sticky":false,"template":"","format":"standard","meta":{"footnotes":""},"categories":[23],"tags":[],"class_list":["post-249181","post","type-post","status-publish","format-standard","hentry","category-internacional"],"_links":{"self":[{"href":"https:\/\/diariodominicano.com\/index.php?rest_route=\/wp\/v2\/posts\/249181","targetHints":{"allow":["GET"]}}],"collection":[{"href":"https:\/\/diariodominicano.com\/index.php?rest_route=\/wp\/v2\/posts"}],"about":[{"href":"https:\/\/diariodominicano.com\/index.php?rest_route=\/wp\/v2\/types\/post"}],"author":[{"embeddable":true,"href":"https:\/\/diariodominicano.com\/index.php?rest_route=\/wp\/v2\/users\/3"}],"replies":[{"embeddable":true,"href":"https:\/\/diariodominicano.com\/index.php?rest_route=%2Fwp%2Fv2%2Fcomments&post=249181"}],"version-history":[{"count":0,"href":"https:\/\/diariodominicano.com\/index.php?rest_route=\/wp\/v2\/posts\/249181\/revisions"}],"wp:attachment":[{"href":"https:\/\/diariodominicano.com\/index.php?rest_route=%2Fwp%2Fv2%2Fmedia&parent=249181"}],"wp:term":[{"taxonomy":"category","embeddable":true,"href":"https:\/\/diariodominicano.com\/index.php?rest_route=%2Fwp%2Fv2%2Fcategories&post=249181"},{"taxonomy":"post_tag","embeddable":true,"href":"https:\/\/diariodominicano.com\/index.php?rest_route=%2Fwp%2Fv2%2Ftags&post=249181"}],"curies":[{"name":"wp","href":"https:\/\/api.w.org\/{rel}","templated":true}]}}