{"id":249180,"date":"2016-07-31T08:46:57","date_gmt":"2016-07-31T08:46:57","guid":{"rendered":"http:\/\/diariodominicano.ddns.net\/?p=249180"},"modified":"2016-07-31T08:46:57","modified_gmt":"2016-07-31T08:46:57","slug":"tension-en-alemania-por-una-manifestacion-a-favor-de-erdogan","status":"publish","type":"post","link":"https:\/\/diariodominicano.com\/?p=249180","title":{"rendered":"Tensi\u00f3n en Alemania por una manifestaci\u00f3n a favor de Erdogan"},"content":{"rendered":"<p><body><\/p>\n<p><img decoding=\"async\" src=\"img3\/21fedf03d77fe26169ed286d0ee9816c91f7549a.jpg\" \/>  <\/p>\n<\/p>\n<p>31 Jul 2016<\/p>\n<\/p>\n<p>DPA\/AFP \/ Oliver Berg<\/p>\n<p>La polic\u00eda alemana se prepara para la manifestaci\u00f3n de partidarios del presidente turco, Recep Tayyip Erdogan, el 31 de julio de 2016 en Colonia<\/p>\n<p>La polic\u00eda alemana prev\u00e9 que miles de partidarios de Recep Tayyip Erdogan se manifiesten este domingo en Alemania, donde las tensiones se multiplican en el seno de la importante di\u00e1spora turca despu\u00e9s del fallido golpe de Estado y de las purgas masivas en Turqu\u00eda.<\/p>\n<p>Dos semanas despu\u00e9s de la intentona golpista, el presidente turco quiso reforzar todav\u00eda m\u00e1s su poder al anunciar el s\u00e1bado querer controlar directamente los servicios de inteligencia y a los jefes del Estado Mayor del ej\u00e9rcito.<\/p>\n<p>Para que esta reforma sea adoptada, el Gobierno islamo-conservador del AKP deber\u00e1 lograr una mayor\u00eda de dos tercios en el Parlamento, por lo que necesitar\u00e1 el apoyo de ciertos partidos de la oposici\u00f3n.<\/p>\n<p>Las tensiones en Turqu\u00eda est\u00e1n cada vez m\u00e1s presentes en Alemania, donde vive la mayor di\u00e1spora turca en el mundo, con 1,55 millones de personas. Si se incluyen los alemanes de origen turco, llega a los tres millones.<\/p>\n<p>Este domingo, en Colonia (oeste), est\u00e1 prevista una manifestaci\u00f3n de partidarios del presidente Erdogan a las 15H00 locales (13H00 GMT). La polic\u00eda local espera hasta a 30.000 participantes y ha desplegado a 2.700 efectivos para evitar incidentes.<\/p>\n<p>En paralelo, se han organizado varias contra-manifestaciones, algunas de ellas convocadas por movimientos alemanes de izquierda. Un grupo local de la ultraderecha islam\u00f3foba tambi\u00e9n se manifestar\u00e1.<\/p>\n<p>&#8211; Prohibido un discurso de Erdogan en directo &#8211;<\/p>\n<p>La manifestaci\u00f3n en apoyo al jefe de Estado turco ha sido organizada por la Uni\u00f3n de los Dem\u00f3cratas Europeos-Turcos (UETD), considerada un lobby del partido en el poder en Ankara.<\/p>\n<p>Los organizadores hicieron todo lo posible para que fuera difundida en directo una intervenci\u00f3n de Erdogan, pero las autoridades alemanas, temiendo altercados, se opusieron.<\/p>\n<p>El Tribunal Constitucional alem\u00e1n, m\u00e1xima jurisdicci\u00f3n del pa\u00eds, a quien los organizadores hab\u00edan recurrido, confirm\u00f3 el s\u00e1bado esta prohibici\u00f3n.<\/p>\n<p>La polic\u00eda tambi\u00e9n rechaz\u00f3 que conocidos responsables del Gobierno turco, como el ministro de Relaciones Exteriores, participaran en el acto.<\/p>\n<p>Al final, ser\u00e1 el ministro turco de Juventud y Deporte, Akif Cagatay Kilic, el que estar\u00e1 presente.<\/p>\n<p>Antes de la manifestaci\u00f3n, el presidente Erdogan critic\u00f3 las restricciones alemanas y acus\u00f3 al pa\u00eds de \u00abimpedir\u00bb a los turcos \u00abreunirse, manifestarse\u00bb. \u00ab\u00a1As\u00ed son de dem\u00f3cratas\u00a1\u00bb, espet\u00f3 el mandatario, que goza de un importante apoyo entre la comunidad turca en Alemania.<\/p>\n<p>Los responsables alemanes, empezando por la canciller, Angela Merkel, expresaron su preocupaci\u00f3n frente a los posibles incidentes.<\/p>\n<p>\u00abImportar las tensiones pol\u00edticas internas de Turqu\u00eda aqu\u00ed (&#8230;) e intimidar a la gente que tiene otras convicciones pol\u00edticas no est\u00e1 bien\u00bb, declar\u00f3 el ministro de Exteriores alem\u00e1n, Frank-Walter Steinmeier, al diario S\u00fcddeutsche Zeitung.<\/p>\n<p>El ministro del Interior de la regi\u00f3n de Colonia, Ralf J\u00e4ger, advirti\u00f3 por su parte de que en caso de \u00abllamamientos a la violencia\u00bb, \u00abla polic\u00eda intervendr\u00e1 de forma rigurosa\u00bb.<\/p>\n<p>A las ya deterioradas relaciones entre Turqu\u00eda y Alemania, sobre todo desde que los diputados alemanes reconocieron en junio el genocidio armenio, se uni\u00f3 esta semana la crispaci\u00f3n despu\u00e9s de que Ankara pidiera la extradici\u00f3n de varios miembros supuestamente vinculados con las redes del predicador Fethullah G\u00fclen, a quien las autoridades turcas acusan de instigar el levantamiento.<\/p>\n<h6> 2016-07-31 08:46:57 <\/h6>\n<p><!--\n<link rel=\"stylesheet\" href=\"css\/bootstrap.min.css\">\n\n\n<ul class=\"pagination\">\n\t    \n\t\n\n<li >\n\t<a href='?page_no=18824'>Previous<\/a>\n\t<\/li>\n\n\n       \n    \n\n<li><a href='?page_no=1'>1<\/a><\/li>\n\n\n\n<li><a href='?page_no=2'>2<\/a><\/li>\n\n\n\n<li><a>...<\/a><\/li>\n\n\n\n<li><a href='?page_no=18823'>18823<\/a><\/li>\n\n\n\n<li><a href='?page_no=18824'>18824<\/a><\/li>\n\n\n\n<li class='active'><a>18825<\/a><\/li>\n\n\n\n<li><a href='?page_no=18826'>18826<\/a><\/li>\n\n\n\n<li><a href='?page_no=18827'>18827<\/a><\/li>\n\n\n\n<li><a>...<\/a><\/li>\n\n\n\n<li><a href='?page_no=51012'>51012<\/a><\/li>\n\n\n\n<li><a href='?page_no=51013'>51013<\/a><\/li>\n\n    \n\t\n\n<li >\n\t<a href='?page_no=18826'>Next<\/a>\n\t<\/li>\n\n\n    \n\n<li><a href='?page_no=51013'>Last &rsaquo;&rsaquo;<\/a><\/li>\n\n<\/ul>\n\n\n--><br \/>\n<\/body><\/p>\n","protected":false},"excerpt":{"rendered":"<p>31 Jul 2016 DPA\/AFP \/ Oliver Berg La polic\u00eda alemana se prepara para la manifestaci\u00f3n de partidarios del presidente turco, Recep Tayyip Erdogan, el 31 de julio de 2016 en Colonia La polic\u00eda alemana prev\u00e9 que miles de partidarios de Recep Tayyip Erdogan se manifiesten este domingo en Alemania, donde las tensiones se multiplican en [&hellip;]<\/p>\n","protected":false},"author":3,"featured_media":0,"comment_status":"open","ping_status":"open","sticky":false,"template":"","format":"standard","meta":{"footnotes":""},"categories":[23],"tags":[],"class_list":["post-249180","post","type-post","status-publish","format-standard","hentry","category-internacional"],"_links":{"self":[{"href":"https:\/\/diariodominicano.com\/index.php?rest_route=\/wp\/v2\/posts\/249180","targetHints":{"allow":["GET"]}}],"collection":[{"href":"https:\/\/diariodominicano.com\/index.php?rest_route=\/wp\/v2\/posts"}],"about":[{"href":"https:\/\/diariodominicano.com\/index.php?rest_route=\/wp\/v2\/types\/post"}],"author":[{"embeddable":true,"href":"https:\/\/diariodominicano.com\/index.php?rest_route=\/wp\/v2\/users\/3"}],"replies":[{"embeddable":true,"href":"https:\/\/diariodominicano.com\/index.php?rest_route=%2Fwp%2Fv2%2Fcomments&post=249180"}],"version-history":[{"count":0,"href":"https:\/\/diariodominicano.com\/index.php?rest_route=\/wp\/v2\/posts\/249180\/revisions"}],"wp:attachment":[{"href":"https:\/\/diariodominicano.com\/index.php?rest_route=%2Fwp%2Fv2%2Fmedia&parent=249180"}],"wp:term":[{"taxonomy":"category","embeddable":true,"href":"https:\/\/diariodominicano.com\/index.php?rest_route=%2Fwp%2Fv2%2Fcategories&post=249180"},{"taxonomy":"post_tag","embeddable":true,"href":"https:\/\/diariodominicano.com\/index.php?rest_route=%2Fwp%2Fv2%2Ftags&post=249180"}],"curies":[{"name":"wp","href":"https:\/\/api.w.org\/{rel}","templated":true}]}}