{"id":249179,"date":"2016-07-31T08:54:05","date_gmt":"2016-07-31T08:54:05","guid":{"rendered":"http:\/\/diariodominicano.ddns.net\/?p=249179"},"modified":"2016-07-31T08:54:05","modified_gmt":"2016-07-31T08:54:05","slug":"multitudinaria-misa-de-clausura-de-la-jmj-cuya-proxima-edicion-sera-en-panama","status":"publish","type":"post","link":"https:\/\/diariodominicano.com\/?p=249179","title":{"rendered":"Multitudinaria misa de clausura de la JMJ, cuya pr\u00f3xima edici\u00f3n ser\u00e1 en Panam\u00e1"},"content":{"rendered":"<p><body><\/p>\n<p><img decoding=\"async\" src=\"img3\/70127d2341a8c8a8bd0eb488d60410d3890dd1a3.jpg\" \/><br \/><img decoding=\"async\" src=\"img3\/e4993851a22440a90591fdfa662817dc39af67f7.jpg\" \/><br \/><img decoding=\"async\" src=\"img3\/6d09a5fce9ed9b53141060f8d8fb4bbc91ccff42.jpg\" \/>  <\/p>\n<\/p>\n<p>31 Jul 2016<\/p>\n<\/p>\n<p>AFP \/ Janek Skarzynski<\/p>\n<p>Unos peregrinos se marchan bajo la lluvia del Campo de la Misericordia de Brzegi, cerca de la ciudad polaca de Cracovia, el 31 de julio de 2016, al t\u00e9rmino de la misa papal de la clausura de la Jornada Mundial de la Juventud<\/p>\n<p>Con una misa multitudinaria, durante la cual pidi\u00f3 a los j\u00f3venes que el Evangelio sea el \u00abnavegador\u00bb de sus vidas y la oraci\u00f3n el primer \u00abchat\u00bb de cada d\u00eda, el papa Francisco clausur\u00f3 este domingo en Polonia la 31\u00aa edici\u00f3n de la Jornada Mundial de la Juventud, cuya pr\u00f3xima cita ser\u00e1 en el 2019 en Panam\u00e1.<\/p>\n<p>El papa efectu\u00f3 el anuncio en presencia del presidente paname\u00f1o, Juan Carlos Varela, y los j\u00f3venes recibieron la noticia con una lluvia de confeti blanco.<\/p>\n<p>\u00abAnuncio con alegr\u00eda que la pr\u00f3xima Jornada Mundial de Juventud (&#8230;) ser\u00e1 en el 2019 en Panam\u00e1\u00bb, dijo el papa argentino, un anuncio que muchos latinoamericanos se esperaban.<\/p>\n<p>\u00abEl pueblo de Panam\u00e1 se siente orgulloso de que el Santo Padre haya reconocido a nuestro pa\u00eds, cuyos valores de paz, di\u00e1logo y convivencia son similares a los que porta la JMJ\u00bb, manifest\u00f3 Varela en un comunicado.<\/p>\n<p>El mandatario centroamericano acompa\u00f1\u00f3 a unos 1.800 paname\u00f1os que viajaron a Cracovia para participar en el evento y que congreg\u00f3 a m\u00e1s de dos millones y medio de j\u00f3venes para la misa de clausura, seg\u00fan los organizadores.<\/p>\n<p>\u00abLa JMJ es un poderoso llamado a los j\u00f3venes para la construcci\u00f3n de un mundo mejor\u00bb, a\u00f1adi\u00f3.<\/p>\n<p>\u00abSe trata de un evento de m\u00faltiples implicaciones para el pa\u00eds y por ello vamos a respaldar a la arquidi\u00f3cesis de Panam\u00e1 en lo que considere necesario\u00bb, adelant\u00f3.<\/p>\n<p>La primera edici\u00f3n en Centroam\u00e9rica estar\u00e1 marcada seguramente por el estilo y calor caribe\u00f1o.<\/p>\n<p>Panam\u00e1 tiene 3,6 millones de personas, la gran mayor\u00eda cat\u00f3licos, aunque con un presencia cada vez mayor de los evang\u00e9licas.<\/p>\n<p>El papa argentino acogi\u00f3 la propuesta del arzobispo de Panam\u00e1, Jos\u00e9 Domingo Ulloa, apoyado por los obispos de todo Centroam\u00e9rica, para celebrar el evento mundial en ese pa\u00eds.<\/p>\n<\/p>\n<p>AFP \/ Filippo Monteforte<\/p>\n<p>El papa Francisco oficia misa en el Campo de la Misericordia, en Brzegi, cerca de la ciudad polaca de Cracovia, el 31 de julio de 2016, durante la Jornada Mundial de la Juventud (JMJ)<\/p>\n<p>La JMJ atrae en cada edici\u00f3n a cientos de miles de j\u00f3venes de todas partes del mundo, quienes participan en m\u00faltiples actividades de reflexi\u00f3n, adem\u00e1s de eventos culturales y art\u00edsticos, lo que representa un verdadero desaf\u00edo para ese pa\u00eds tan peque\u00f1o.<\/p>\n<p>\u00abPrimero que todo quiero dar gracias a Dios. Es como un milagro. Doy gracias tambi\u00e9n al papa y al presidente por todo esto. Estamos super alegres. Es una bendici\u00f3n. \u00a1Dios m\u00edo, que felicidad!\u00bb, coment\u00f3 a la AFP la paname\u00f1a Ivana Urrutia, de 16 a\u00f1os, entre los asistentes a la gran fiesta de la juventud cat\u00f3lica.<\/p>\n<p>&#8211; El Evangelio, un navegador, y la oraci\u00f3n, un chat &#8211;<\/p>\n<p>A los j\u00f3venes de todo mundo, que pasaron la noche al aire libre en el inmenso campo de Brzegi, a las afueras de Cracovia, el papa les exhort\u00f3 a que conviertan el Evangelio en el \u00abnavegador\u00bb de sus vidas y que la oraci\u00f3n sea su primer \u00abchat\u00bb del d\u00eda.<\/p>\n<p>El papa emple\u00f3 ese original lenguaje inform\u00e1tico en la homil\u00eda de clausura de la JMJ, ante dos millones y medio de personas, una cifra que la polic\u00eda local no ha querido confirma.<\/p>\n<p>El Se\u00f1or \u00abespera que, entre tantos contactos y chats de cada d\u00eda, el primer puesto lo ocupe el hilo de oro de la oraci\u00f3n\u00bb, dijo tras a\u00f1adir que espera que el Evangelio \u00abse convierta en tu &#8216;navegador&#8217; en el camino de la vida\u00bb, agreg\u00f3.<\/p>\n<\/p>\n<p>AFP \/ Filippo Monteforte<\/p>\n<p>El papa Francisco oficia misa en el Campo de la Misericordia de Brzegi, cerca de la ciudad polaca de Cracovia, el 31 de julio de 2016, para cerrar la Jornada Mundial de la Juventud (JMJ)<\/p>\n<p>El papa lleg\u00f3 al inmenso Campo de la Misericordia, a unos 12 kil\u00f3metros de Cracovia, a bordo de un papam\u00f3vil blanco, donde fue ovacionado y aplaudido por una masa entusiasta de j\u00f3venes de todas las nacionalidades, acampados en plena naturaleza para compartir y meditar bajo las estrellas sobre fraternidad y fe.<\/p>\n<p>Francisco recomend\u00f3 a los j\u00f3venes que rechacen la tristeza, \u00abun virus que infecta y paraliza todo, que cierra cualquier puerta, que impide que la vida se reavive, que recomience\u00bb.<\/p>\n<p>Con el mismo tono, pidi\u00f3 a los j\u00f3venes que empleen \u00abla conexi\u00f3n m\u00e1s estable, la de un coraz\u00f3n que ve y transmite el bien sin cansarse\u00bb, que adem\u00e1s es \u00abgratuita\u00bb, agreg\u00f3.<\/p>\n<p>La v\u00edspera, en ese mismo campo, el papa urgi\u00f3 a la multitud de j\u00f3venes a \u00abno ser suplentes\u00bb en la vida y a no \u00abvegetar\u00bb c\u00f3modamente en el \u00absof\u00e1\u00bb, en un nuevo y original llamamiento a los cat\u00f3licos a construir un mundo m\u00e1s justo.<\/p>\n<p>Un discurso que conten\u00eda muchas claves de su mensaje como jefe de la Iglesia cat\u00f3lica, directo y en ocasiones tambi\u00e9n chistoso, con el que papa argentino quiso sacudir las conciencias de los j\u00f3venes y convertir el \u00abWoodstock cat\u00f3lico\u00bb en un momento de reflexi\u00f3n.<\/p>\n<h6> 2016-07-31 08:54:05 <\/h6>\n<p><!--\n<link rel=\"stylesheet\" href=\"css\/bootstrap.min.css\">\n\n\n<ul class=\"pagination\">\n\t    \n\t\n\n<li >\n\t<a href='?page_no=18823'>Previous<\/a>\n\t<\/li>\n\n\n       \n    \n\n<li><a href='?page_no=1'>1<\/a><\/li>\n\n\n\n<li><a href='?page_no=2'>2<\/a><\/li>\n\n\n\n<li><a>...<\/a><\/li>\n\n\n\n<li><a href='?page_no=18822'>18822<\/a><\/li>\n\n\n\n<li><a href='?page_no=18823'>18823<\/a><\/li>\n\n\n\n<li class='active'><a>18824<\/a><\/li>\n\n\n\n<li><a href='?page_no=18825'>18825<\/a><\/li>\n\n\n\n<li><a href='?page_no=18826'>18826<\/a><\/li>\n\n\n\n<li><a>...<\/a><\/li>\n\n\n\n<li><a href='?page_no=51012'>51012<\/a><\/li>\n\n\n\n<li><a href='?page_no=51013'>51013<\/a><\/li>\n\n    \n\t\n\n<li >\n\t<a href='?page_no=18825'>Next<\/a>\n\t<\/li>\n\n\n    \n\n<li><a href='?page_no=51013'>Last &rsaquo;&rsaquo;<\/a><\/li>\n\n<\/ul>\n\n\n--><br \/>\n<\/body><\/p>\n","protected":false},"excerpt":{"rendered":"<p>31 Jul 2016 AFP \/ Janek Skarzynski Unos peregrinos se marchan bajo la lluvia del Campo de la Misericordia de Brzegi, cerca de la ciudad polaca de Cracovia, el 31 de julio de 2016, al t\u00e9rmino de la misa papal de la clausura de la Jornada Mundial de la Juventud Con una misa multitudinaria, durante [&hellip;]<\/p>\n","protected":false},"author":3,"featured_media":0,"comment_status":"open","ping_status":"open","sticky":false,"template":"","format":"standard","meta":{"footnotes":""},"categories":[23],"tags":[],"class_list":["post-249179","post","type-post","status-publish","format-standard","hentry","category-internacional"],"_links":{"self":[{"href":"https:\/\/diariodominicano.com\/index.php?rest_route=\/wp\/v2\/posts\/249179","targetHints":{"allow":["GET"]}}],"collection":[{"href":"https:\/\/diariodominicano.com\/index.php?rest_route=\/wp\/v2\/posts"}],"about":[{"href":"https:\/\/diariodominicano.com\/index.php?rest_route=\/wp\/v2\/types\/post"}],"author":[{"embeddable":true,"href":"https:\/\/diariodominicano.com\/index.php?rest_route=\/wp\/v2\/users\/3"}],"replies":[{"embeddable":true,"href":"https:\/\/diariodominicano.com\/index.php?rest_route=%2Fwp%2Fv2%2Fcomments&post=249179"}],"version-history":[{"count":0,"href":"https:\/\/diariodominicano.com\/index.php?rest_route=\/wp\/v2\/posts\/249179\/revisions"}],"wp:attachment":[{"href":"https:\/\/diariodominicano.com\/index.php?rest_route=%2Fwp%2Fv2%2Fmedia&parent=249179"}],"wp:term":[{"taxonomy":"category","embeddable":true,"href":"https:\/\/diariodominicano.com\/index.php?rest_route=%2Fwp%2Fv2%2Fcategories&post=249179"},{"taxonomy":"post_tag","embeddable":true,"href":"https:\/\/diariodominicano.com\/index.php?rest_route=%2Fwp%2Fv2%2Ftags&post=249179"}],"curies":[{"name":"wp","href":"https:\/\/api.w.org\/{rel}","templated":true}]}}