{"id":249178,"date":"2016-07-31T09:04:53","date_gmt":"2016-07-31T09:04:53","guid":{"rendered":"http:\/\/diariodominicano.ddns.net\/?p=249178"},"modified":"2016-07-31T09:04:53","modified_gmt":"2016-07-31T09:04:53","slug":"china-emite-alerta-amarilla-por-tifon-nida","status":"publish","type":"post","link":"https:\/\/diariodominicano.com\/?p=249178","title":{"rendered":"China emite alerta amarilla por tif\u00f3n Nida"},"content":{"rendered":"<p><body><\/p>\n<p>Nida, el cuarto tif\u00f3n que afectar\u00e1 a China en lo que va de a\u00f1o, fue detectado a las 8:00 horas a 380 kil\u00f3metros de la costa de Manila, capital de Filipinas.<\/p>\n<\/p>\n<\/p>\n<p><strong>BEIJING, 31 jul (Xinhua) &#8212; <\/strong>El Centro Meteorol\u00f3gico Nacional emiti\u00f3 una alerta amarilla en la que pronostica que el tif\u00f3n Nida tocar\u00e1 tierra en las horas diurnas del martes en la provincia de Guangdong, en el sur de China.<\/p>\n<\/p>\n<p>Nida, el cuarto tif\u00f3n que afectar\u00e1 a China en lo que va de a\u00f1o, fue detectado a las 8:00 horas a 380 kil\u00f3metros de la costa de Manila, capital de Filipinas.<\/p>\n<\/p>\n<p>La m\u00e1xima velocidad del viento asociado al tif\u00f3n es de 28 metros por segundo, pero llegar\u00e1 a entre 38 y 45 metros por segundo cuando llegue a Guangdong, seg\u00fan los pron\u00f3sticos.<\/p>\n<\/p>\n<p>El centro alert\u00f3 de que habr\u00e1 vendavales y lluvias torrenciales en las \u00e1reas costeras de las provincias de Guangdong, Fujian y Hainan, as\u00ed como la regi\u00f3n aut\u00f3noma de la etnia zhuang de Guangxi.<\/p>\n<\/p>\n<p>China aplica un sistema de alerta meteorol\u00f3gica codificado en cuatro colores, con el rojo representando el nivel m\u00e1s grave, seguido por el naranja, el amarillo y el azul.<\/p>\n<h6> 2016-07-31 09:04:53 <\/h6>\n<p><!--\n<link rel=\"stylesheet\" href=\"css\/bootstrap.min.css\">\n\n\n<ul class=\"pagination\">\n\t    \n\t\n\n<li >\n\t<a href='?page_no=18822'>Previous<\/a>\n\t<\/li>\n\n\n       \n    \n\n<li><a href='?page_no=1'>1<\/a><\/li>\n\n\n\n<li><a href='?page_no=2'>2<\/a><\/li>\n\n\n\n<li><a>...<\/a><\/li>\n\n\n\n<li><a href='?page_no=18821'>18821<\/a><\/li>\n\n\n\n<li><a href='?page_no=18822'>18822<\/a><\/li>\n\n\n\n<li class='active'><a>18823<\/a><\/li>\n\n\n\n<li><a href='?page_no=18824'>18824<\/a><\/li>\n\n\n\n<li><a href='?page_no=18825'>18825<\/a><\/li>\n\n\n\n<li><a>...<\/a><\/li>\n\n\n\n<li><a href='?page_no=51012'>51012<\/a><\/li>\n\n\n\n<li><a href='?page_no=51013'>51013<\/a><\/li>\n\n    \n\t\n\n<li >\n\t<a href='?page_no=18824'>Next<\/a>\n\t<\/li>\n\n\n    \n\n<li><a href='?page_no=51013'>Last &rsaquo;&rsaquo;<\/a><\/li>\n\n<\/ul>\n\n\n--><br \/>\n<\/body><\/p>\n","protected":false},"excerpt":{"rendered":"<p>Nida, el cuarto tif\u00f3n que afectar\u00e1 a China en lo que va de a\u00f1o, fue detectado a las 8:00 horas a 380 kil\u00f3metros de la costa de Manila, capital de Filipinas. BEIJING, 31 jul (Xinhua) &#8212; El Centro Meteorol\u00f3gico Nacional emiti\u00f3 una alerta amarilla en la que pronostica que el tif\u00f3n Nida tocar\u00e1 tierra en [&hellip;]<\/p>\n","protected":false},"author":3,"featured_media":0,"comment_status":"open","ping_status":"open","sticky":false,"template":"","format":"standard","meta":{"footnotes":""},"categories":[23],"tags":[],"class_list":["post-249178","post","type-post","status-publish","format-standard","hentry","category-internacional"],"_links":{"self":[{"href":"https:\/\/diariodominicano.com\/index.php?rest_route=\/wp\/v2\/posts\/249178","targetHints":{"allow":["GET"]}}],"collection":[{"href":"https:\/\/diariodominicano.com\/index.php?rest_route=\/wp\/v2\/posts"}],"about":[{"href":"https:\/\/diariodominicano.com\/index.php?rest_route=\/wp\/v2\/types\/post"}],"author":[{"embeddable":true,"href":"https:\/\/diariodominicano.com\/index.php?rest_route=\/wp\/v2\/users\/3"}],"replies":[{"embeddable":true,"href":"https:\/\/diariodominicano.com\/index.php?rest_route=%2Fwp%2Fv2%2Fcomments&post=249178"}],"version-history":[{"count":0,"href":"https:\/\/diariodominicano.com\/index.php?rest_route=\/wp\/v2\/posts\/249178\/revisions"}],"wp:attachment":[{"href":"https:\/\/diariodominicano.com\/index.php?rest_route=%2Fwp%2Fv2%2Fmedia&parent=249178"}],"wp:term":[{"taxonomy":"category","embeddable":true,"href":"https:\/\/diariodominicano.com\/index.php?rest_route=%2Fwp%2Fv2%2Fcategories&post=249178"},{"taxonomy":"post_tag","embeddable":true,"href":"https:\/\/diariodominicano.com\/index.php?rest_route=%2Fwp%2Fv2%2Ftags&post=249178"}],"curies":[{"name":"wp","href":"https:\/\/api.w.org\/{rel}","templated":true}]}}