{"id":249171,"date":"2016-08-01T08:31:02","date_gmt":"2016-08-01T08:31:02","guid":{"rendered":"http:\/\/diariodominicano.ddns.net\/?p=249171"},"modified":"2016-08-01T08:31:02","modified_gmt":"2016-08-01T08:31:02","slug":"huelga-provoca-elevadas-perdidas-economicas-a-air-france","status":"publish","type":"post","link":"https:\/\/diariodominicano.com\/?p=249171","title":{"rendered":"Huelga provoca elevadas p\u00e9rdidas econ\u00f3micas a Air France"},"content":{"rendered":"<p><body><\/p>\n<p><img decoding=\"async\" src=\"img3\/air-france1-8.jpg\" \/>  <\/p>\n<p><span class=\"text1noticias\">Par\u00eds, 1 ago (PL) La huelga del personal de cabina de Air France que contin\u00faa hoy tiene un fuerte impacto econ\u00f3mico y tambi\u00e9n un elevado costo para la imagen de la compa\u00f1\u00eda, indic\u00f3 un comunicado.<\/span><\/p>\n<p><span class=\"text1noticias\"> <\/span><\/p>\n<p><span class=\"text1noticias\">En los primeros cinco d\u00edas del paro, Air France debi\u00f3 cancelar alrededor de 900 vuelos, lo que significa p\u00e9rdidas de varias decenas de millones de euros, una cifra todav\u00eda por precisar pues la demostraci\u00f3n se extender\u00e1 hasta ma\u00f1ana.<\/span><\/p>\n<p><span class=\"text1noticias\"> <\/span><\/p>\n<p><span class=\"text1noticias\">Seg\u00fan el comunicado, m\u00e1s de 150 mil pasajeros quedaron afectados y ello implica un elevado costo para la imagen de la empresa a nivel nacional e internacional, en momentos ya complejos dado el descenso de los viajes de turistas a Francia a causa de los atentados registrados recientemente.<\/span><\/p>\n<p><span class=\"text1noticias\"> <\/span><\/p>\n<p><span class=\"text1noticias\">Mientras la compa\u00f1\u00eda hace balance de las p\u00e9rdidas, los sindicatos amenazan con convocar a un nuevo paro pues las negociaciones con la direcci\u00f3n est\u00e1n todav\u00eda en punto muerto, report\u00f3 el diario Le Figaro.<\/span><\/p>\n<p><span class=\"text1noticias\"> <\/span><\/p>\n<p><span class=\"text1noticias\">El motivo de la huelga es el desacuerdo de las azafatas y los asistentes de vuelo con el tiempo de renovaci\u00f3n de un acuerdo de empresa que fija sus reglas de remuneraci\u00f3n, de trabajo y de carrera.<\/span><\/p>\n<p><span class=\"text1noticias\"> <\/span><\/p>\n<p><span class=\"text1noticias\">M\u00e1s que el contenido, lo que inquieta a los empleados es la duraci\u00f3n del contrato, pues la compa\u00f1\u00eda pretende renovarlo por solo 17 meses, mientras los trabajadores defienden un periodo de tres a cinco a\u00f1os.<\/span><\/p>\n<p><span class=\"text1noticias\"> <\/span><\/p>\n<p><span class=\"text1noticias\">\u00abDespu\u00e9s de 220 millones de euros ahorrados y de un aumento de la productividad entre 2013 y 2015 a costa de la supresi\u00f3n de m\u00e1s de dos mil puestos laborales, la empresa todav\u00eda rechaza proteger a nuestro personal por m\u00e1s de 17 meses\u00bb, refutan los sindicatos.<\/span><\/p>\n<p><span class=\"text1noticias\"> <\/span><\/p>\n<p><span class=\"text1noticias\">La direcci\u00f3n de Air France alega que la fijaci\u00f3n de ese periodo corto responde al inter\u00e9s de preservar cierta flexibilidad en el campo de la aviaci\u00f3n, que es muy competitivo y est\u00e1 sujeto a factores coyunt<\/span>urales.<\/p>\n<h6> 2016-08-01 08:31:02 <\/h6>\n<p><!--\n<link rel=\"stylesheet\" href=\"css\/bootstrap.min.css\">\n\n\n<ul class=\"pagination\">\n\t    \n\t\n\n<li >\n\t<a href='?page_no=18815'>Previous<\/a>\n\t<\/li>\n\n\n       \n    \n\n<li><a href='?page_no=1'>1<\/a><\/li>\n\n\n\n<li><a href='?page_no=2'>2<\/a><\/li>\n\n\n\n<li><a>...<\/a><\/li>\n\n\n\n<li><a href='?page_no=18814'>18814<\/a><\/li>\n\n\n\n<li><a href='?page_no=18815'>18815<\/a><\/li>\n\n\n\n<li class='active'><a>18816<\/a><\/li>\n\n\n\n<li><a href='?page_no=18817'>18817<\/a><\/li>\n\n\n\n<li><a href='?page_no=18818'>18818<\/a><\/li>\n\n\n\n<li><a>...<\/a><\/li>\n\n\n\n<li><a href='?page_no=51012'>51012<\/a><\/li>\n\n\n\n<li><a href='?page_no=51013'>51013<\/a><\/li>\n\n    \n\t\n\n<li >\n\t<a href='?page_no=18817'>Next<\/a>\n\t<\/li>\n\n\n    \n\n<li><a href='?page_no=51013'>Last &rsaquo;&rsaquo;<\/a><\/li>\n\n<\/ul>\n\n\n--><br \/>\n<\/body><\/p>\n","protected":false},"excerpt":{"rendered":"<p>Par\u00eds, 1 ago (PL) La huelga del personal de cabina de Air France que contin\u00faa hoy tiene un fuerte impacto econ\u00f3mico y tambi\u00e9n un elevado costo para la imagen de la compa\u00f1\u00eda, indic\u00f3 un comunicado. En los primeros cinco d\u00edas del paro, Air France debi\u00f3 cancelar alrededor de 900 vuelos, lo que significa p\u00e9rdidas de [&hellip;]<\/p>\n","protected":false},"author":3,"featured_media":0,"comment_status":"open","ping_status":"open","sticky":false,"template":"","format":"standard","meta":{"footnotes":""},"categories":[23],"tags":[],"class_list":["post-249171","post","type-post","status-publish","format-standard","hentry","category-internacional"],"_links":{"self":[{"href":"https:\/\/diariodominicano.com\/index.php?rest_route=\/wp\/v2\/posts\/249171","targetHints":{"allow":["GET"]}}],"collection":[{"href":"https:\/\/diariodominicano.com\/index.php?rest_route=\/wp\/v2\/posts"}],"about":[{"href":"https:\/\/diariodominicano.com\/index.php?rest_route=\/wp\/v2\/types\/post"}],"author":[{"embeddable":true,"href":"https:\/\/diariodominicano.com\/index.php?rest_route=\/wp\/v2\/users\/3"}],"replies":[{"embeddable":true,"href":"https:\/\/diariodominicano.com\/index.php?rest_route=%2Fwp%2Fv2%2Fcomments&post=249171"}],"version-history":[{"count":0,"href":"https:\/\/diariodominicano.com\/index.php?rest_route=\/wp\/v2\/posts\/249171\/revisions"}],"wp:attachment":[{"href":"https:\/\/diariodominicano.com\/index.php?rest_route=%2Fwp%2Fv2%2Fmedia&parent=249171"}],"wp:term":[{"taxonomy":"category","embeddable":true,"href":"https:\/\/diariodominicano.com\/index.php?rest_route=%2Fwp%2Fv2%2Fcategories&post=249171"},{"taxonomy":"post_tag","embeddable":true,"href":"https:\/\/diariodominicano.com\/index.php?rest_route=%2Fwp%2Fv2%2Ftags&post=249171"}],"curies":[{"name":"wp","href":"https:\/\/api.w.org\/{rel}","templated":true}]}}