{"id":249170,"date":"2016-08-01T08:41:58","date_gmt":"2016-08-01T08:41:58","guid":{"rendered":"http:\/\/diariodominicano.ddns.net\/?p=249170"},"modified":"2016-08-01T08:41:58","modified_gmt":"2016-08-01T08:41:58","slug":"comienza-semana-mundial-de-la-lactancia-materna","status":"publish","type":"post","link":"https:\/\/diariodominicano.com\/?p=249170","title":{"rendered":"Comienza Semana Mundial de la Lactancia Materna"},"content":{"rendered":"<p><body><\/p>\n<p><img decoding=\"async\" src=\"img3\/lactancia1-8.jpg\" \/>  <\/p>\n<p><span class=\"text1noticias\">Ginebra, 1 ago (PL) La Semana Mundial de la Lactancia Materna comienza hoy en m\u00e1s de 170 pa\u00edses, con el objetivo de fomentar esa manera de aportar a los beb\u00e9s los nutrientes necesarios para un crecimiento y desarrollo saludables.<\/span><\/p>\n<p><span class=\"text1noticias\"> <\/span><\/p>\n<p><span class=\"text1noticias\">Esta celebraci\u00f3n, que cada a\u00f1o tiene reservado los primeros siete d\u00edas de agosto, tiene en el 2016 como lema central: \u00abLactancia Materna: clave para el desarrollo sostenible\u00bb.<\/span><\/p>\n<p><span class=\"text1noticias\"> <\/span><\/p>\n<p><span class=\"text1noticias\">Seg\u00fan los organizadores, la Semana prev\u00e9 -entre sus prop\u00f3sitos- informar sobre los nuevos Objetivos de Desarrollo Sostenible (ODS) y c\u00f3mo se relacionan con la lactancia materna y la alimentaci\u00f3n de lactantes, ni\u00f1os y ni\u00f1as peque\u00f1as.<\/span><\/p>\n<p><span class=\"text1noticias\"> <\/span><\/p>\n<p><span class=\"text1noticias\">Asimismo, agregaron, dejar bien sentada la lactancia materna como componente clave del desarrollo sostenible e impulsar una variedad de acciones de lactancia y alimentaci\u00f3n infantil a todos los niveles, en la nueva era de los ODS.<\/span><\/p>\n<p><span class=\"text1noticias\"> <\/span><\/p>\n<p><span class=\"text1noticias\">En tal sentido, la Organizaci\u00f3n Mundial de la Salud (OMS) recomienda la lactancia natural como modo exclusivo de nutrici\u00f3n durante los seis primeros meses de vida.<\/span><\/p>\n<p><span class=\"text1noticias\"> <\/span><\/p>\n<p><span class=\"text1noticias\">A partir de esa etapa, a\u00f1ade el organismo de la ONU, se aconseja seguir con la lactancia de la madre hasta los dos a\u00f1os, como m\u00ednimo, complementada adecuadamente con otros alimentos inocuos.<\/span><\/p>\n<p><span class=\"text1noticias\"> <\/span><\/p>\n<p><span class=\"text1noticias\">A prop\u00f3sito del peligro que corren los beb\u00e9s por la ausencia de la lactancia materna, una experta del Fondo de las Naciones Unidas para la Infancia (Unicef) lament\u00f3 el viernes los 77 millones de reci\u00e9n nacidos que son privados de ese primer contacto con la madre.<\/span><\/p>\n<p><span class=\"text1noticias\"> <\/span><\/p>\n<p><span class=\"text1noticias\">Solo el 43 por ciento de los ni\u00f1os menores de seis meses la reciben -a nivel mundial- de manera exclusiva, a\u00f1adi\u00f3 la especialista en nutrici\u00f3n del Fondo, Francia Bej\u00edn.<\/span><\/p>\n<p><span class=\"text1noticias\"> <\/span><\/p>\n<p><span class=\"text1noticias\">Al decir de Bej\u00edn, si se amamantaran a todos desde el momento en que nacen hasta los seis meses, se salvar\u00edan m\u00e1s de 800 mil vidas cada a\u00f1o.<\/span><\/p>\n<p><span class=\"text1noticias\"> <\/span><\/p>\n<p><span class=\"text1noticias\">Seg\u00fan la OMS, con la SMLN se conmemora la Declaraci\u00f3n de Innocenti, formulada por altos cargos de la agencia y Unicef en agosto de 1990, con el fin de proteger, promover y respaldar la lactancia<\/span> materna.<\/p>\n<h6> 2016-08-01 08:41:58 <\/h6>\n<p><!--\n<link rel=\"stylesheet\" href=\"css\/bootstrap.min.css\">\n\n\n<ul class=\"pagination\">\n\t    \n\t\n\n<li >\n\t<a href='?page_no=18814'>Previous<\/a>\n\t<\/li>\n\n\n       \n    \n\n<li><a href='?page_no=1'>1<\/a><\/li>\n\n\n\n<li><a href='?page_no=2'>2<\/a><\/li>\n\n\n\n<li><a>...<\/a><\/li>\n\n\n\n<li><a href='?page_no=18813'>18813<\/a><\/li>\n\n\n\n<li><a href='?page_no=18814'>18814<\/a><\/li>\n\n\n\n<li class='active'><a>18815<\/a><\/li>\n\n\n\n<li><a href='?page_no=18816'>18816<\/a><\/li>\n\n\n\n<li><a href='?page_no=18817'>18817<\/a><\/li>\n\n\n\n<li><a>...<\/a><\/li>\n\n\n\n<li><a href='?page_no=51012'>51012<\/a><\/li>\n\n\n\n<li><a href='?page_no=51013'>51013<\/a><\/li>\n\n    \n\t\n\n<li >\n\t<a href='?page_no=18816'>Next<\/a>\n\t<\/li>\n\n\n    \n\n<li><a href='?page_no=51013'>Last &rsaquo;&rsaquo;<\/a><\/li>\n\n<\/ul>\n\n\n--><br \/>\n<\/body><\/p>\n","protected":false},"excerpt":{"rendered":"<p>Ginebra, 1 ago (PL) La Semana Mundial de la Lactancia Materna comienza hoy en m\u00e1s de 170 pa\u00edses, con el objetivo de fomentar esa manera de aportar a los beb\u00e9s los nutrientes necesarios para un crecimiento y desarrollo saludables. Esta celebraci\u00f3n, que cada a\u00f1o tiene reservado los primeros siete d\u00edas de agosto, tiene en el [&hellip;]<\/p>\n","protected":false},"author":3,"featured_media":0,"comment_status":"open","ping_status":"open","sticky":false,"template":"","format":"standard","meta":{"footnotes":""},"categories":[23],"tags":[],"class_list":["post-249170","post","type-post","status-publish","format-standard","hentry","category-internacional"],"_links":{"self":[{"href":"https:\/\/diariodominicano.com\/index.php?rest_route=\/wp\/v2\/posts\/249170","targetHints":{"allow":["GET"]}}],"collection":[{"href":"https:\/\/diariodominicano.com\/index.php?rest_route=\/wp\/v2\/posts"}],"about":[{"href":"https:\/\/diariodominicano.com\/index.php?rest_route=\/wp\/v2\/types\/post"}],"author":[{"embeddable":true,"href":"https:\/\/diariodominicano.com\/index.php?rest_route=\/wp\/v2\/users\/3"}],"replies":[{"embeddable":true,"href":"https:\/\/diariodominicano.com\/index.php?rest_route=%2Fwp%2Fv2%2Fcomments&post=249170"}],"version-history":[{"count":0,"href":"https:\/\/diariodominicano.com\/index.php?rest_route=\/wp\/v2\/posts\/249170\/revisions"}],"wp:attachment":[{"href":"https:\/\/diariodominicano.com\/index.php?rest_route=%2Fwp%2Fv2%2Fmedia&parent=249170"}],"wp:term":[{"taxonomy":"category","embeddable":true,"href":"https:\/\/diariodominicano.com\/index.php?rest_route=%2Fwp%2Fv2%2Fcategories&post=249170"},{"taxonomy":"post_tag","embeddable":true,"href":"https:\/\/diariodominicano.com\/index.php?rest_route=%2Fwp%2Fv2%2Ftags&post=249170"}],"curies":[{"name":"wp","href":"https:\/\/api.w.org\/{rel}","templated":true}]}}