{"id":249167,"date":"2016-08-01T10:07:43","date_gmt":"2016-08-01T10:07:43","guid":{"rendered":"http:\/\/diariodominicano.ddns.net\/?p=249167"},"modified":"2016-08-01T10:07:43","modified_gmt":"2016-08-01T10:07:43","slug":"kremlin-confirma-muerte-de-5-tripulantes-de-helicoptero-ruso-derribado-en-siria","status":"publish","type":"post","link":"https:\/\/diariodominicano.com\/?p=249167","title":{"rendered":"Kremlin confirma muerte de 5 tripulantes de helic\u00f3ptero ruso derribado en Siria"},"content":{"rendered":"<p><body><\/p>\n<p><img decoding=\"async\" src=\"img3\/Rusia-helicoptero1-8.jpg\" \/><br \/><img decoding=\"async\" src=\"img3\/Dimitri1-8.jpg\" \/>  <\/p>\n<p><span class=\"text1noticias\">   MOSCU, 1 ago (Xinhua) &#8212; Las cinco personas que viajaban a bordo de un helic\u00f3ptero de transporte Mi-8 de Rusia murieron hoy cuando la aeronave fue derribada por fuego terrestre hostil en Siria, inform\u00f3 el vocero del Kremlin, Dmitry Peskov.<\/span><\/p>\n<p><span class=\"text1noticias\"> <\/span><\/p>\n<p><span class=\"text1noticias\">     \u00abQuienes iban a bordo del helic\u00f3ptero, de acuerdo con informaci\u00f3n del Ministerio de Defensa, murieron heroicamente porque trataron de guiar la m\u00e1quina para minimizar las v\u00edctimas en tierra\u00bb, declar\u00f3 Peskov en conferencia de prensa.<\/span><\/p>\n<p><span class=\"text1noticias\"> <\/span><\/p>\n<p><span class=\"text1noticias\">      Horas antes, el Ministerio de Defensa ruso indic\u00f3 que el helic\u00f3ptero fue derribado en la provincia de Idlib, noroeste de Siria, por disparos desde tierra cuando regresaba a la Base A\u00e9rea Hmeimim tras entregar ayuda humanitaria en la ciudad siria de Alepo.<\/span><\/p>\n<p><span class=\"text1noticias\"> <\/span><\/p>\n<p><span class=\"text1noticias\">     Entre las personas a bordo del helic\u00f3ptero estaban tres tripulantes y dos oficiales del centro ruso para la reconciliaci\u00f3n de las partes opositoras en Siria, dijo el ministerio.<\/span><\/p>\n<p><span class=\"text1noticias\"> <\/span><\/p>\n<p><span class=\"text1noticias\">     El Kremlin se\u00f1al\u00f3 que Rusia seguir\u00e1 combatiendo el terrorismo en Siria porque en un video publicado en l\u00ednea el grupo miliciano Estado Isl\u00e1mico pidi\u00f3 a sus seguidores que lancen ataques en Rusia. Sin embargo, el video no ha podido ser verificado de manera independiente.<\/span><\/p>\n<p><span class=\"text1noticias\"> <\/span><\/p>\n<p><span class=\"text1noticias\">     \u00abEsas amenazas de ninguna manera tendr\u00e1n un impacto en la pol\u00edtica firme de Rusia y del presidente Vladimir Putin sobre el combate del terrorismo internacional, el cual continuar\u00e1 en todas direcciones\u00bb, dijo Peskov, citado por la agencia de noticias RIA Novosti.<\/span><\/p>\n<p><span class=\"text1noticias\"> <\/span><\/p>\n<p><span class=\"text1noticias\">     Las publicaciones terroristas son consideradas con la atenci\u00f3n necesaria por los servicios especiales responsables de la operaci\u00f3n y seguridad contra el terrorismo, subray\u00f3.<\/span><\/p>\n<p><span class=\"text1noticias\"> <\/span><\/p>\n<p><span class=\"text1noticias\">     \u00abEl Ministerio de Defensa est\u00e1 supervisando que las operaciones de las Fuerzas Aeroespaciales en Siria est\u00e9n tomando las medidas necesarias\u00bb, agreg\u00f3 Peskov.<\/span><\/p>\n<p><span class=\"text1noticias\"> <\/span><\/p>\n<p><span class=\"text1noticias\">     Tambi\u00e9n advirti\u00f3 que no deben exagerarse las \u00abt\u00e1cticas de terror\u00bb usadas por los terroristas e indic\u00f3 que \u00abal mismo tiempo deben tomarse precauciones\u00bb.<\/span><\/p>\n<p><span class=\"text1noticias\"> <\/span><\/p>\n<p><span class=\"text1noticias\">     Rusia empez\u00f3 a desplegar en septiembre del a\u00f1o pasado su fuerza a\u00e9rea en Siria a solicitud del presidente sirio, Bashar al-Assad, para atacar blancos terroristas.<\/span><\/p>\n<p><span class=\"text1noticias\"> <\/span><\/p>\n<p><span class=\"text1noticias\">     En marzo, Putin orden\u00f3 el retiro de la mayor\u00eda de sus fuerzas a\u00e9reas de Siria, pero Mosc\u00fa sigui\u00f3 atacando blancos terroristas y continu\u00f3 la coordinaci\u00f3n militar con las fuerzas de la coalici\u00f3n encabezadas por Estados Unidos, as\u00ed como la distribuci\u00f3n de ayuda humanitaria en el pa\u00eds devastado por <\/span>la guerra.<\/p>\n<h6> 2016-08-01 10:07:43 <\/h6>\n<p><!--\n<link rel=\"stylesheet\" href=\"css\/bootstrap.min.css\">\n\n\n<ul class=\"pagination\">\n\t    \n\t\n\n<li >\n\t<a href='?page_no=18811'>Previous<\/a>\n\t<\/li>\n\n\n       \n    \n\n<li><a href='?page_no=1'>1<\/a><\/li>\n\n\n\n<li><a href='?page_no=2'>2<\/a><\/li>\n\n\n\n<li><a>...<\/a><\/li>\n\n\n\n<li><a href='?page_no=18810'>18810<\/a><\/li>\n\n\n\n<li><a href='?page_no=18811'>18811<\/a><\/li>\n\n\n\n<li class='active'><a>18812<\/a><\/li>\n\n\n\n<li><a href='?page_no=18813'>18813<\/a><\/li>\n\n\n\n<li><a href='?page_no=18814'>18814<\/a><\/li>\n\n\n\n<li><a>...<\/a><\/li>\n\n\n\n<li><a href='?page_no=51012'>51012<\/a><\/li>\n\n\n\n<li><a href='?page_no=51013'>51013<\/a><\/li>\n\n    \n\t\n\n<li >\n\t<a href='?page_no=18813'>Next<\/a>\n\t<\/li>\n\n\n    \n\n<li><a href='?page_no=51013'>Last &rsaquo;&rsaquo;<\/a><\/li>\n\n<\/ul>\n\n\n--><br \/>\n<\/body><\/p>\n","protected":false},"excerpt":{"rendered":"<p>MOSCU, 1 ago (Xinhua) &#8212; Las cinco personas que viajaban a bordo de un helic\u00f3ptero de transporte Mi-8 de Rusia murieron hoy cuando la aeronave fue derribada por fuego terrestre hostil en Siria, inform\u00f3 el vocero del Kremlin, Dmitry Peskov. \u00abQuienes iban a bordo del helic\u00f3ptero, de acuerdo con informaci\u00f3n del Ministerio de Defensa, murieron [&hellip;]<\/p>\n","protected":false},"author":3,"featured_media":0,"comment_status":"open","ping_status":"open","sticky":false,"template":"","format":"standard","meta":{"footnotes":""},"categories":[23],"tags":[],"class_list":["post-249167","post","type-post","status-publish","format-standard","hentry","category-internacional"],"_links":{"self":[{"href":"https:\/\/diariodominicano.com\/index.php?rest_route=\/wp\/v2\/posts\/249167","targetHints":{"allow":["GET"]}}],"collection":[{"href":"https:\/\/diariodominicano.com\/index.php?rest_route=\/wp\/v2\/posts"}],"about":[{"href":"https:\/\/diariodominicano.com\/index.php?rest_route=\/wp\/v2\/types\/post"}],"author":[{"embeddable":true,"href":"https:\/\/diariodominicano.com\/index.php?rest_route=\/wp\/v2\/users\/3"}],"replies":[{"embeddable":true,"href":"https:\/\/diariodominicano.com\/index.php?rest_route=%2Fwp%2Fv2%2Fcomments&post=249167"}],"version-history":[{"count":0,"href":"https:\/\/diariodominicano.com\/index.php?rest_route=\/wp\/v2\/posts\/249167\/revisions"}],"wp:attachment":[{"href":"https:\/\/diariodominicano.com\/index.php?rest_route=%2Fwp%2Fv2%2Fmedia&parent=249167"}],"wp:term":[{"taxonomy":"category","embeddable":true,"href":"https:\/\/diariodominicano.com\/index.php?rest_route=%2Fwp%2Fv2%2Fcategories&post=249167"},{"taxonomy":"post_tag","embeddable":true,"href":"https:\/\/diariodominicano.com\/index.php?rest_route=%2Fwp%2Fv2%2Ftags&post=249167"}],"curies":[{"name":"wp","href":"https:\/\/api.w.org\/{rel}","templated":true}]}}