{"id":249166,"date":"2016-08-01T11:44:12","date_gmt":"2016-08-01T11:44:12","guid":{"rendered":"http:\/\/diariodominicano.ddns.net\/?p=249166"},"modified":"2016-08-01T11:44:12","modified_gmt":"2016-08-01T11:44:12","slug":"mueren-al-menos-8-personas-al-caer-avion-ejecutivo","status":"publish","type":"post","link":"https:\/\/diariodominicano.com\/?p=249166","title":{"rendered":"Mueren al menos 8 personas al caer avi\u00f3n ejecutivo"},"content":{"rendered":"<p><body><\/p>\n<p><span class=\"text1noticias\">  RIO DE JANEIRO, 1 ago (Xinhua) &#8211; Al menos ocho personas murieron tras caer un avi\u00f3n ejecutivo sobre la nave industrial de una empresa de transportes en el sur de Brasil, informaron hoy fuentes oficiales.<\/span><\/p>\n<p><span class=\"text1noticias\"> <\/span><\/p>\n<p><span class=\"text1noticias\">     La Polic\u00eda Civil report\u00f3 que el accidente, cuyas causas a\u00fan se desconocen, ocurri\u00f3 la v\u00edspera por la noche en el municipio de Camb\u00e9 en el estado de Paran\u00e1, cuando la aeronave se estrell\u00f3 en la empresa de transportes Excellence y contra un cami\u00f3n que explot\u00f3 al instante.<\/span><\/p>\n<p><span class=\"text1noticias\"> <\/span><\/p>\n<p><span class=\"text1noticias\">     De acuerdo con el informe, las ocho v\u00edctimas iban en la aeronave, entre ellas dos ni\u00f1os y dos adolescentes, quienes retornaban de una boda en el estado de Mato Grosso (centro-oeste) y se dirig\u00edan a Londrina, municipio cercano a Camb\u00e9.<\/span><\/p>\n<p><span class=\"text1noticias\"> <\/span><\/p>\n<p><span class=\"text1noticias\">     Testigos explicaron a la prensa que el accidente pudo ser peor, ya que la nave cay\u00f3 a escasos 20 metros de un templo en el que hab\u00eda unas 300 personas al momento de la ca\u00edda. <\/span><\/p>\n<h6> 2016-08-01 11:44:12 <\/h6>\n<p><!--\n<link rel=\"stylesheet\" href=\"css\/bootstrap.min.css\">\n\n\n<ul class=\"pagination\">\n\t    \n\t\n\n<li >\n\t<a href='?page_no=18810'>Previous<\/a>\n\t<\/li>\n\n\n       \n    \n\n<li><a href='?page_no=1'>1<\/a><\/li>\n\n\n\n<li><a href='?page_no=2'>2<\/a><\/li>\n\n\n\n<li><a>...<\/a><\/li>\n\n\n\n<li><a href='?page_no=18809'>18809<\/a><\/li>\n\n\n\n<li><a href='?page_no=18810'>18810<\/a><\/li>\n\n\n\n<li class='active'><a>18811<\/a><\/li>\n\n\n\n<li><a href='?page_no=18812'>18812<\/a><\/li>\n\n\n\n<li><a href='?page_no=18813'>18813<\/a><\/li>\n\n\n\n<li><a>...<\/a><\/li>\n\n\n\n<li><a href='?page_no=51012'>51012<\/a><\/li>\n\n\n\n<li><a href='?page_no=51013'>51013<\/a><\/li>\n\n    \n\t\n\n<li >\n\t<a href='?page_no=18812'>Next<\/a>\n\t<\/li>\n\n\n    \n\n<li><a href='?page_no=51013'>Last &rsaquo;&rsaquo;<\/a><\/li>\n\n<\/ul>\n\n\n--><br \/>\n<\/body><\/p>\n","protected":false},"excerpt":{"rendered":"<p>RIO DE JANEIRO, 1 ago (Xinhua) &#8211; Al menos ocho personas murieron tras caer un avi\u00f3n ejecutivo sobre la nave industrial de una empresa de transportes en el sur de Brasil, informaron hoy fuentes oficiales. La Polic\u00eda Civil report\u00f3 que el accidente, cuyas causas a\u00fan se desconocen, ocurri\u00f3 la v\u00edspera por la noche en el [&hellip;]<\/p>\n","protected":false},"author":3,"featured_media":0,"comment_status":"open","ping_status":"open","sticky":false,"template":"","format":"standard","meta":{"footnotes":""},"categories":[23],"tags":[],"class_list":["post-249166","post","type-post","status-publish","format-standard","hentry","category-internacional"],"_links":{"self":[{"href":"https:\/\/diariodominicano.com\/index.php?rest_route=\/wp\/v2\/posts\/249166","targetHints":{"allow":["GET"]}}],"collection":[{"href":"https:\/\/diariodominicano.com\/index.php?rest_route=\/wp\/v2\/posts"}],"about":[{"href":"https:\/\/diariodominicano.com\/index.php?rest_route=\/wp\/v2\/types\/post"}],"author":[{"embeddable":true,"href":"https:\/\/diariodominicano.com\/index.php?rest_route=\/wp\/v2\/users\/3"}],"replies":[{"embeddable":true,"href":"https:\/\/diariodominicano.com\/index.php?rest_route=%2Fwp%2Fv2%2Fcomments&post=249166"}],"version-history":[{"count":0,"href":"https:\/\/diariodominicano.com\/index.php?rest_route=\/wp\/v2\/posts\/249166\/revisions"}],"wp:attachment":[{"href":"https:\/\/diariodominicano.com\/index.php?rest_route=%2Fwp%2Fv2%2Fmedia&parent=249166"}],"wp:term":[{"taxonomy":"category","embeddable":true,"href":"https:\/\/diariodominicano.com\/index.php?rest_route=%2Fwp%2Fv2%2Fcategories&post=249166"},{"taxonomy":"post_tag","embeddable":true,"href":"https:\/\/diariodominicano.com\/index.php?rest_route=%2Fwp%2Fv2%2Ftags&post=249166"}],"curies":[{"name":"wp","href":"https:\/\/api.w.org\/{rel}","templated":true}]}}