{"id":249165,"date":"2016-08-01T11:48:46","date_gmt":"2016-08-01T11:48:46","guid":{"rendered":"http:\/\/diariodominicano.ddns.net\/?p=249165"},"modified":"2016-08-01T11:48:46","modified_gmt":"2016-08-01T11:48:46","slug":"mas-de-50-de-bebes-chinos-menores-a-6-meses-son-amamantados","status":"publish","type":"post","link":"https:\/\/diariodominicano.com\/?p=249165","title":{"rendered":"M\u00e1s de 50 % de beb\u00e9s chinos menores a 6 meses son amamantados"},"content":{"rendered":"<p><body><\/p>\n<p><span class=\"text1noticias\">   BEIJING, 1 ago (Xinhua) &#8212; M\u00e1s de 50 por ciento de los beb\u00e9s chinos menores a los seis meses de edad s\u00f3lo toman leche materna, dijo la Comisi\u00f3n Nacional de Salud y Planificaci\u00f3n Familiar (Cnspf) hoy, el primer d\u00eda de la Semana Mundial de Lactancia Materna 2016.<\/span><\/p>\n<p><span class=\"text1noticias\"> <\/span><\/p>\n<p><span class=\"text1noticias\">     La tasa de amamantamiento de beb\u00e9s menores a los seis meses fue de 58,5 por ciento en 2013, de acuerdo con la quinta encuesta nacional sobre servicios de salud, un incremento con respecto al 27,6 por ciento de 2008, cuando se llev\u00f3 a cabo la cuarta encuesta nacional, dijo la Cnspf.<\/span><\/p>\n<p><span class=\"text1noticias\"> <\/span><\/p>\n<p><span class=\"text1noticias\">     El subjefe de la Cnspf, Wang Guoqiang, indic\u00f3 en un evento para conmemorar la semana mundial que la comisi\u00f3n formular\u00e1 directrices para estandarizar las salas de amamantamiento.<\/span><\/p>\n<p><span class=\"text1noticias\"> <\/span><\/p>\n<p><span class=\"text1noticias\">     Adem\u00e1s, alentar\u00e1 a las entidades p\u00fablicas y privadas a que establezcan ese tipo de instalaciones en sitios p\u00fablicos y en centros de trabajo, para resolver la insuficiencia y mala calidad de los lugares para amamant<\/span>ar.<\/p>\n<h6> 2016-08-01 11:48:46 <\/h6>\n<p><!--\n<link rel=\"stylesheet\" href=\"css\/bootstrap.min.css\">\n\n\n<ul class=\"pagination\">\n\t    \n\t\n\n<li >\n\t<a href='?page_no=18809'>Previous<\/a>\n\t<\/li>\n\n\n       \n    \n\n<li><a href='?page_no=1'>1<\/a><\/li>\n\n\n\n<li><a href='?page_no=2'>2<\/a><\/li>\n\n\n\n<li><a>...<\/a><\/li>\n\n\n\n<li><a href='?page_no=18808'>18808<\/a><\/li>\n\n\n\n<li><a href='?page_no=18809'>18809<\/a><\/li>\n\n\n\n<li class='active'><a>18810<\/a><\/li>\n\n\n\n<li><a href='?page_no=18811'>18811<\/a><\/li>\n\n\n\n<li><a href='?page_no=18812'>18812<\/a><\/li>\n\n\n\n<li><a>...<\/a><\/li>\n\n\n\n<li><a href='?page_no=51012'>51012<\/a><\/li>\n\n\n\n<li><a href='?page_no=51013'>51013<\/a><\/li>\n\n    \n\t\n\n<li >\n\t<a href='?page_no=18811'>Next<\/a>\n\t<\/li>\n\n\n    \n\n<li><a href='?page_no=51013'>Last &rsaquo;&rsaquo;<\/a><\/li>\n\n<\/ul>\n\n\n--><br \/>\n<\/body><\/p>\n","protected":false},"excerpt":{"rendered":"<p>BEIJING, 1 ago (Xinhua) &#8212; M\u00e1s de 50 por ciento de los beb\u00e9s chinos menores a los seis meses de edad s\u00f3lo toman leche materna, dijo la Comisi\u00f3n Nacional de Salud y Planificaci\u00f3n Familiar (Cnspf) hoy, el primer d\u00eda de la Semana Mundial de Lactancia Materna 2016. La tasa de amamantamiento de beb\u00e9s menores a [&hellip;]<\/p>\n","protected":false},"author":3,"featured_media":0,"comment_status":"open","ping_status":"open","sticky":false,"template":"","format":"standard","meta":{"footnotes":""},"categories":[23],"tags":[],"class_list":["post-249165","post","type-post","status-publish","format-standard","hentry","category-internacional"],"_links":{"self":[{"href":"https:\/\/diariodominicano.com\/index.php?rest_route=\/wp\/v2\/posts\/249165","targetHints":{"allow":["GET"]}}],"collection":[{"href":"https:\/\/diariodominicano.com\/index.php?rest_route=\/wp\/v2\/posts"}],"about":[{"href":"https:\/\/diariodominicano.com\/index.php?rest_route=\/wp\/v2\/types\/post"}],"author":[{"embeddable":true,"href":"https:\/\/diariodominicano.com\/index.php?rest_route=\/wp\/v2\/users\/3"}],"replies":[{"embeddable":true,"href":"https:\/\/diariodominicano.com\/index.php?rest_route=%2Fwp%2Fv2%2Fcomments&post=249165"}],"version-history":[{"count":0,"href":"https:\/\/diariodominicano.com\/index.php?rest_route=\/wp\/v2\/posts\/249165\/revisions"}],"wp:attachment":[{"href":"https:\/\/diariodominicano.com\/index.php?rest_route=%2Fwp%2Fv2%2Fmedia&parent=249165"}],"wp:term":[{"taxonomy":"category","embeddable":true,"href":"https:\/\/diariodominicano.com\/index.php?rest_route=%2Fwp%2Fv2%2Fcategories&post=249165"},{"taxonomy":"post_tag","embeddable":true,"href":"https:\/\/diariodominicano.com\/index.php?rest_route=%2Fwp%2Fv2%2Ftags&post=249165"}],"curies":[{"name":"wp","href":"https:\/\/api.w.org\/{rel}","templated":true}]}}