{"id":249164,"date":"2016-08-01T11:53:48","date_gmt":"2016-08-01T11:53:48","guid":{"rendered":"http:\/\/diariodominicano.ddns.net\/?p=249164"},"modified":"2016-08-01T11:53:48","modified_gmt":"2016-08-01T11:53:48","slug":"china-emite-alerta-roja-por-olas-oceanicas-ante-llegada-de-tifon-nida","status":"publish","type":"post","link":"https:\/\/diariodominicano.com\/?p=249164","title":{"rendered":"China emite alerta roja por olas oce\u00e1nicas ante llegada de tif\u00f3n Nida"},"content":{"rendered":"<p><body><\/p>\n<p><img decoding=\"async\" src=\"img3\/puertochino1-8.jpg\" \/>  <\/p>\n<p><span class=\"text1noticias\">     BEIJING, 1 ago (Xinhua) &#8212; La Administraci\u00f3n Estatal Oce\u00e1nica de China emiti\u00f3 hoy lunes una alerta roja por las olas oce\u00e1nicas y mareas de tormentas ante la llegada del tif\u00f3n Nida a la parte continental de China.<\/span><\/p>\n<p><span class=\"text1noticias\"> <\/span><\/p>\n<p><span class=\"text1noticias\">     Desde la noche de hoy lunes a ma\u00f1ana martes se esperan olas oce\u00e1nicas de hasta 11 metros en el norte del Mar Meridional de China, mientras que en el sur del Estrecho del Taiwan se registrar\u00e1n olas de hasta siete metros.<\/span><\/p>\n<p><span class=\"text1noticias\"> <\/span><\/p>\n<p><span class=\"text1noticias\">     La administraci\u00f3n china tambi\u00e9n emiti\u00f3 una alerta roja por mareas de tormentas y se estima que el nivel del mar en la costa del estuario del r\u00edo Perla subir\u00e1 a los 220 cent\u00edmetros.<\/span><\/p>\n<p><span class=\"text1noticias\"> <\/span><\/p>\n<p><span class=\"text1noticias\">     El tif\u00f3n Nida podr\u00eda tocar tierra en la provincia meridional china de Guangdong a primera hora del martes, probablemente alrededor del delta del r\u00edo Perla.<\/span><\/p>\n<h6> 2016-08-01 11:53:48 <\/h6>\n<p><!--\n<link rel=\"stylesheet\" href=\"css\/bootstrap.min.css\">\n\n\n<ul class=\"pagination\">\n\t    \n\t\n\n<li >\n\t<a href='?page_no=18808'>Previous<\/a>\n\t<\/li>\n\n\n       \n    \n\n<li><a href='?page_no=1'>1<\/a><\/li>\n\n\n\n<li><a href='?page_no=2'>2<\/a><\/li>\n\n\n\n<li><a>...<\/a><\/li>\n\n\n\n<li><a href='?page_no=18807'>18807<\/a><\/li>\n\n\n\n<li><a href='?page_no=18808'>18808<\/a><\/li>\n\n\n\n<li class='active'><a>18809<\/a><\/li>\n\n\n\n<li><a href='?page_no=18810'>18810<\/a><\/li>\n\n\n\n<li><a href='?page_no=18811'>18811<\/a><\/li>\n\n\n\n<li><a>...<\/a><\/li>\n\n\n\n<li><a href='?page_no=51012'>51012<\/a><\/li>\n\n\n\n<li><a href='?page_no=51013'>51013<\/a><\/li>\n\n    \n\t\n\n<li >\n\t<a href='?page_no=18810'>Next<\/a>\n\t<\/li>\n\n\n    \n\n<li><a href='?page_no=51013'>Last &rsaquo;&rsaquo;<\/a><\/li>\n\n<\/ul>\n\n\n--><br \/>\n<\/body><\/p>\n","protected":false},"excerpt":{"rendered":"<p>BEIJING, 1 ago (Xinhua) &#8212; La Administraci\u00f3n Estatal Oce\u00e1nica de China emiti\u00f3 hoy lunes una alerta roja por las olas oce\u00e1nicas y mareas de tormentas ante la llegada del tif\u00f3n Nida a la parte continental de China. Desde la noche de hoy lunes a ma\u00f1ana martes se esperan olas oce\u00e1nicas de hasta 11 metros en [&hellip;]<\/p>\n","protected":false},"author":3,"featured_media":0,"comment_status":"open","ping_status":"open","sticky":false,"template":"","format":"standard","meta":{"footnotes":""},"categories":[23],"tags":[],"class_list":["post-249164","post","type-post","status-publish","format-standard","hentry","category-internacional"],"_links":{"self":[{"href":"https:\/\/diariodominicano.com\/index.php?rest_route=\/wp\/v2\/posts\/249164","targetHints":{"allow":["GET"]}}],"collection":[{"href":"https:\/\/diariodominicano.com\/index.php?rest_route=\/wp\/v2\/posts"}],"about":[{"href":"https:\/\/diariodominicano.com\/index.php?rest_route=\/wp\/v2\/types\/post"}],"author":[{"embeddable":true,"href":"https:\/\/diariodominicano.com\/index.php?rest_route=\/wp\/v2\/users\/3"}],"replies":[{"embeddable":true,"href":"https:\/\/diariodominicano.com\/index.php?rest_route=%2Fwp%2Fv2%2Fcomments&post=249164"}],"version-history":[{"count":0,"href":"https:\/\/diariodominicano.com\/index.php?rest_route=\/wp\/v2\/posts\/249164\/revisions"}],"wp:attachment":[{"href":"https:\/\/diariodominicano.com\/index.php?rest_route=%2Fwp%2Fv2%2Fmedia&parent=249164"}],"wp:term":[{"taxonomy":"category","embeddable":true,"href":"https:\/\/diariodominicano.com\/index.php?rest_route=%2Fwp%2Fv2%2Fcategories&post=249164"},{"taxonomy":"post_tag","embeddable":true,"href":"https:\/\/diariodominicano.com\/index.php?rest_route=%2Fwp%2Fv2%2Ftags&post=249164"}],"curies":[{"name":"wp","href":"https:\/\/api.w.org\/{rel}","templated":true}]}}