{"id":249161,"date":"2016-08-02T08:32:53","date_gmt":"2016-08-02T08:32:53","guid":{"rendered":"http:\/\/diariodominicano.ddns.net\/?p=249161"},"modified":"2016-08-02T08:32:53","modified_gmt":"2016-08-02T08:32:53","slug":"llaman-a-expresidente-haitiano-a-declarar-en-el-senado","status":"publish","type":"post","link":"https:\/\/diariodominicano.com\/?p=249161","title":{"rendered":"Llaman a expresidente haitiano a declarar en el Senado"},"content":{"rendered":"<p><body><\/p>\n<p><img decoding=\"async\" src=\"img3\/michel-martelly2-8.jpg\" \/>  <\/p>\n<p><span class=\"text1noticias\">Puerto Pr\u00edncipe, 2 ago (PL) El expresidente haitiano Michel Martelly fue convocado a declarar por el Comit\u00e9 de \u00c9tica y Anticorrupci\u00f3n del Senado pues su nombre aparece involucrado en un esc\u00e1ndalo relacionado con los fondos de Petrocaribe y manejos de empresas dominicanas.<\/span><\/p>\n<p><span class=\"text1noticias\"> <\/span><\/p>\n<p><span class=\"text1noticias\">La citaci\u00f3n al exmandatario fue formulada por el titular del Senado, Ronald Lar\u00ffche, quien le solicit\u00f3 informaci\u00f3n \u00fatil para el progreso de la investigaci\u00f3n que realiza una comisi\u00f3n presidida por Youri Latortue.<\/span><\/p>\n<p><span class=\"text1noticias\"> <\/span><\/p>\n<p><span class=\"text1noticias\">El senador Latortue se\u00f1al\u00f3 la semana pasada que la firma Adom Dominicana habr\u00eda pagado 800 mil d\u00f3lares al expresidente Martelly y asegura que existen documentos contables que lo demuestran por lo que el Senado quiere comprobar si el exjefe de Estado recibi\u00f3 sobornos por contratos con empresas constructoras dominicanas.<\/span><\/p>\n<p><span class=\"text1noticias\"> <\/span><\/p>\n<p><span class=\"text1noticias\">La semana pasada en una audiencia, el representante de la firma Adom y empresas ROFI, Jos\u00e9 Garc\u00eda, neg\u00f3 haber pagado sobornos a funcionarios haitianos pero ocurre que otras personalidades tambi\u00e9n est\u00e1n implicadas en la investigaci\u00f3n sobre el tema y la gesti\u00f3n de los fondos de Petrocaribe.<\/span><\/p>\n<p><span class=\"text1noticias\"> <\/span><\/p>\n<p><span class=\"text1noticias\">Desde hace cinco meses la Comisi\u00f3n de \u00c9tica y Anticorrupci\u00f3n investiga acusaciones de mala gesti\u00f3n de los fondos de Petrocaribe bajo las administraciones de Ren\u00e9 Preval y Michel Martelly y se han visto afectados los ex primeros ministros Jean Max Bellerive, Gary Conille y Laurent Lamothe y sus titulares de finanzas y planificaci\u00f3n.<\/span><\/p>\n<p><span class=\"text1noticias\"> <\/span><\/p>\n<p><span class=\"text1noticias\">Latortue denunci\u00f3 el incumplimiento de los procedimientos legales en la firma de numerosos contratos con empresas dominicanas, incluyendo Adom y Rofi, pertenecientes al senador F\u00e9lix Bautista, tesorero del oficialista Partido de la Liberaci\u00f3n Dominicana.<\/span><\/p>\n<p><span class=\"text1noticias\"> <\/span><\/p>\n<p><span class=\"text1noticias\">Contra Bautista la Procuradur\u00eda General de su pa\u00eds inici\u00f3 el pasado a\u00f1o un proceso por corrupci\u00f3n abortado cuando el juez Alejandro Moscoso Segarra emiti\u00f3 a su favor un cuestionado fallo de \u00abNo ha lugar\u00bb que luego fue ratificado por la Suprema Corte de Justicia de la Rep\u00fablica Domini<\/span>cana.<\/p>\n<h6> 2016-08-02 08:32:53 <\/h6>\n<p><!--\n<link rel=\"stylesheet\" href=\"css\/bootstrap.min.css\">\n\n\n<ul class=\"pagination\">\n\t    \n\t\n\n<li >\n\t<a href='?page_no=18805'>Previous<\/a>\n\t<\/li>\n\n\n       \n    \n\n<li><a href='?page_no=1'>1<\/a><\/li>\n\n\n\n<li><a href='?page_no=2'>2<\/a><\/li>\n\n\n\n<li><a>...<\/a><\/li>\n\n\n\n<li><a href='?page_no=18804'>18804<\/a><\/li>\n\n\n\n<li><a href='?page_no=18805'>18805<\/a><\/li>\n\n\n\n<li class='active'><a>18806<\/a><\/li>\n\n\n\n<li><a href='?page_no=18807'>18807<\/a><\/li>\n\n\n\n<li><a href='?page_no=18808'>18808<\/a><\/li>\n\n\n\n<li><a>...<\/a><\/li>\n\n\n\n<li><a href='?page_no=51012'>51012<\/a><\/li>\n\n\n\n<li><a href='?page_no=51013'>51013<\/a><\/li>\n\n    \n\t\n\n<li >\n\t<a href='?page_no=18807'>Next<\/a>\n\t<\/li>\n\n\n    \n\n<li><a href='?page_no=51013'>Last &rsaquo;&rsaquo;<\/a><\/li>\n\n<\/ul>\n\n\n--><br \/>\n<\/body><\/p>\n","protected":false},"excerpt":{"rendered":"<p>Puerto Pr\u00edncipe, 2 ago (PL) El expresidente haitiano Michel Martelly fue convocado a declarar por el Comit\u00e9 de \u00c9tica y Anticorrupci\u00f3n del Senado pues su nombre aparece involucrado en un esc\u00e1ndalo relacionado con los fondos de Petrocaribe y manejos de empresas dominicanas. La citaci\u00f3n al exmandatario fue formulada por el titular del Senado, Ronald Lar\u00ffche, [&hellip;]<\/p>\n","protected":false},"author":3,"featured_media":0,"comment_status":"open","ping_status":"open","sticky":false,"template":"","format":"standard","meta":{"footnotes":""},"categories":[23],"tags":[],"class_list":["post-249161","post","type-post","status-publish","format-standard","hentry","category-internacional"],"_links":{"self":[{"href":"https:\/\/diariodominicano.com\/index.php?rest_route=\/wp\/v2\/posts\/249161","targetHints":{"allow":["GET"]}}],"collection":[{"href":"https:\/\/diariodominicano.com\/index.php?rest_route=\/wp\/v2\/posts"}],"about":[{"href":"https:\/\/diariodominicano.com\/index.php?rest_route=\/wp\/v2\/types\/post"}],"author":[{"embeddable":true,"href":"https:\/\/diariodominicano.com\/index.php?rest_route=\/wp\/v2\/users\/3"}],"replies":[{"embeddable":true,"href":"https:\/\/diariodominicano.com\/index.php?rest_route=%2Fwp%2Fv2%2Fcomments&post=249161"}],"version-history":[{"count":0,"href":"https:\/\/diariodominicano.com\/index.php?rest_route=\/wp\/v2\/posts\/249161\/revisions"}],"wp:attachment":[{"href":"https:\/\/diariodominicano.com\/index.php?rest_route=%2Fwp%2Fv2%2Fmedia&parent=249161"}],"wp:term":[{"taxonomy":"category","embeddable":true,"href":"https:\/\/diariodominicano.com\/index.php?rest_route=%2Fwp%2Fv2%2Fcategories&post=249161"},{"taxonomy":"post_tag","embeddable":true,"href":"https:\/\/diariodominicano.com\/index.php?rest_route=%2Fwp%2Fv2%2Ftags&post=249161"}],"curies":[{"name":"wp","href":"https:\/\/api.w.org\/{rel}","templated":true}]}}