{"id":249160,"date":"2016-08-02T08:56:08","date_gmt":"2016-08-02T08:56:08","guid":{"rendered":"http:\/\/diariodominicano.ddns.net\/?p=249160"},"modified":"2016-08-02T08:56:08","modified_gmt":"2016-08-02T08:56:08","slug":"rajoy-se-reune-con-lider-socialista-espanol-para-negociar-reeleccion","status":"publish","type":"post","link":"https:\/\/diariodominicano.com\/?p=249160","title":{"rendered":"Rajoy se re\u00fane con l\u00edder socialista espa\u00f1ol para negociar reelecci\u00f3n"},"content":{"rendered":"<p><body><\/p>\n<p><img decoding=\"async\" src=\"img3\/rajoy-sanchez2-8.jpg\" \/>  <\/p>\n<p><span class=\"text1noticias\">Madrid, 2 ago (PL) El l\u00edder del conservador Partido Popular (PP), Mariano Rajoy, se reunir\u00e1 hoy con su par del Partido Socialista Obrero Espa\u00f1ol (PSOE), Pedro S\u00e1nchez, para intentar convencerle de que apoye su reelecci\u00f3n al frente del gobierno.<\/span><\/p>\n<p><span class=\"text1noticias\"> <\/span><\/p>\n<p><span class=\"text1noticias\">Jefe del Ejecutivo en funciones desde hace m\u00e1s de siete meses, Rajoy conversar\u00e1 este martes con S\u00e1nchez y ma\u00f1ana lo har\u00e1 con el presidente de la agrupaci\u00f3n de centroderecha Ciudadanos (C&#8217;s), Albert Rivera.<\/span><\/p>\n<p><span class=\"text1noticias\"> <\/span><\/p>\n<p><span class=\"text1noticias\">Con esta ronda de contactos, el gobernante interino buscar\u00e1 el respaldo de ambos partidos para garantizar su permanencia en el gubernamental Palacio de la Moncloa, despu\u00e9s que el pasado jueves acept\u00f3 el encargo del rey Felipe VI de tratar de formar gabinete.<\/span><\/p>\n<p><span class=\"text1noticias\"> <\/span><\/p>\n<p><span class=\"text1noticias\">Pese a no contar con ning\u00fan aliado para someterse a una moci\u00f3n de confianza en el Parlamento, Rajoy accedi\u00f3 a la propuesta del monarca, pero dej\u00f3 en el aire si se presentar\u00e1 a una eventual investidura, a\u00f1adiendo m\u00e1s incertidumbre pol\u00edtica.<\/span><\/p>\n<p><span class=\"text1noticias\"> <\/span><\/p>\n<p><span class=\"text1noticias\">El PSOE ratific\u00f3 que votar\u00e1 en contra de su continuidad en la Moncloa, mientras C&#8217;s asegur\u00f3 que se abstendr\u00e1 en una segunda vuelta para desatascar la par\u00e1lisis institucional surgida tras dos elecciones generales en menos de un a\u00f1o.<\/span><\/p>\n<p><span class=\"text1noticias\"> <\/span><\/p>\n<p><span class=\"text1noticias\">De momento, las dos formaciones insisten en mantener inalterable sus posiciones, lo que imposibilitar\u00eda al PP otros cuatro a\u00f1os de gesti\u00f3n.<\/span><\/p>\n<p><span class=\"text1noticias\"> <\/span><\/p>\n<p><span class=\"text1noticias\">En los comicios del 26 de junio, una repetici\u00f3n de los realizados el 20 de diciembre de 2015 ante su inconcluso desenlace, el PP result\u00f3 el partido m\u00e1s votado con 137 esca\u00f1os, pero qued\u00f3 lejos de los 176 establecidos como mayor\u00eda absoluta para gobernar en solitario.<\/span><\/p>\n<p><span class=\"text1noticias\"> <\/span><\/p>\n<p><span class=\"text1noticias\">Detr\u00e1s de los conservadores se ubicaron el PSOE, con 85 bancas, la coalici\u00f3n de izquierda Unidos Podemos (71) y Ciudadanos (32).<\/span><\/p>\n<p><span class=\"text1noticias\"> <\/span><\/p>\n<p><span class=\"text1noticias\">Precisamente, esa fragmentaci\u00f3n de votos en el Congreso de los Diputados -c\u00e1mara encargada de designar al presidente- impidi\u00f3 desde diciembre forjar las necesarias alianzas entre las cuatro principales agrupaciones para romper el bloqueo pol\u00edtico.<\/span><\/p>\n<p><span class=\"text1noticias\"> <\/span><\/p>\n<p><span class=\"text1noticias\">Una situaci\u00f3n in\u00e9dita en un pa\u00eds acostumbrado durante m\u00e1s de tres d\u00e9cadas a la alternancia en el poder de populares y socialistas, en lo que se conoce como el bipartidismo espa\u00f1ol, sistema que fue derrotado en las urnas.<\/span><\/p>\n<p><span class=\"text1noticias\"> <\/span><\/p>\n<p><span class=\"text1noticias\">Seg\u00fan el sistema parlamentario espa\u00f1ol, en la primera sesi\u00f3n de investidura el candidato debe obtener la mayor\u00eda absoluta de la C\u00e1mara baja (176 votos).<\/span><\/p>\n<p><span class=\"text1noticias\"> <\/span><\/p>\n<p><span class=\"text1noticias\">De no conseguirlo se celebrar\u00eda una segunda votaci\u00f3n, en la que le bastar\u00eda mayor\u00eda simple, es decir, m\u00e1s sufragios a favor que en contra.<\/span><\/p>\n<p><span class=\"text1noticias\"> <\/span><\/p>\n<p><span class=\"text1noticias\">Debido a que apenas cuenta con 137 de las 350 bancas del Congreso, el jefe del Gobierno saliente requerir\u00eda el s\u00ed o la abstenci\u00f3n de los socialistas para asegurar su reelecci\u00f3n, algo que se presenta pr\u00e1cticamente irrealizable.<\/span><\/p>\n<p><span class=\"text1noticias\"> <\/span><\/p>\n<p><span class=\"text1noticias\">Si el l\u00edder de los conservadores no supera la moci\u00f3n de confianza en la C\u00e1mara baja, se podr\u00edan presentar otros aspirantes o repetir \u00e9l mismo durante un periodo de dos meses.<\/span><\/p>\n<p><span class=\"text1noticias\"> <\/span><\/p>\n<p><span class=\"text1noticias\">Tras ese plazo, si no es elegido ning\u00fan candidato, se disolver\u00eda de manera autom\u00e1tica el parlamento y se convocar\u00edan nuevas elecciones, las terceras en me<\/span>nos de un a\u00f1o.<\/p>\n<h6> 2016-08-02 08:56:08 <\/h6>\n<p><!--\n<link rel=\"stylesheet\" href=\"css\/bootstrap.min.css\">\n\n\n<ul class=\"pagination\">\n\t    \n\t\n\n<li >\n\t<a href='?page_no=18804'>Previous<\/a>\n\t<\/li>\n\n\n       \n    \n\n<li><a href='?page_no=1'>1<\/a><\/li>\n\n\n\n<li><a href='?page_no=2'>2<\/a><\/li>\n\n\n\n<li><a>...<\/a><\/li>\n\n\n\n<li><a href='?page_no=18803'>18803<\/a><\/li>\n\n\n\n<li><a href='?page_no=18804'>18804<\/a><\/li>\n\n\n\n<li class='active'><a>18805<\/a><\/li>\n\n\n\n<li><a href='?page_no=18806'>18806<\/a><\/li>\n\n\n\n<li><a href='?page_no=18807'>18807<\/a><\/li>\n\n\n\n<li><a>...<\/a><\/li>\n\n\n\n<li><a href='?page_no=51012'>51012<\/a><\/li>\n\n\n\n<li><a href='?page_no=51013'>51013<\/a><\/li>\n\n    \n\t\n\n<li >\n\t<a href='?page_no=18806'>Next<\/a>\n\t<\/li>\n\n\n    \n\n<li><a href='?page_no=51013'>Last &rsaquo;&rsaquo;<\/a><\/li>\n\n<\/ul>\n\n\n--><br \/>\n<\/body><\/p>\n","protected":false},"excerpt":{"rendered":"<p>Madrid, 2 ago (PL) El l\u00edder del conservador Partido Popular (PP), Mariano Rajoy, se reunir\u00e1 hoy con su par del Partido Socialista Obrero Espa\u00f1ol (PSOE), Pedro S\u00e1nchez, para intentar convencerle de que apoye su reelecci\u00f3n al frente del gobierno. Jefe del Ejecutivo en funciones desde hace m\u00e1s de siete meses, Rajoy conversar\u00e1 este martes con [&hellip;]<\/p>\n","protected":false},"author":3,"featured_media":0,"comment_status":"open","ping_status":"open","sticky":false,"template":"","format":"standard","meta":{"footnotes":""},"categories":[23],"tags":[],"class_list":["post-249160","post","type-post","status-publish","format-standard","hentry","category-internacional"],"_links":{"self":[{"href":"https:\/\/diariodominicano.com\/index.php?rest_route=\/wp\/v2\/posts\/249160","targetHints":{"allow":["GET"]}}],"collection":[{"href":"https:\/\/diariodominicano.com\/index.php?rest_route=\/wp\/v2\/posts"}],"about":[{"href":"https:\/\/diariodominicano.com\/index.php?rest_route=\/wp\/v2\/types\/post"}],"author":[{"embeddable":true,"href":"https:\/\/diariodominicano.com\/index.php?rest_route=\/wp\/v2\/users\/3"}],"replies":[{"embeddable":true,"href":"https:\/\/diariodominicano.com\/index.php?rest_route=%2Fwp%2Fv2%2Fcomments&post=249160"}],"version-history":[{"count":0,"href":"https:\/\/diariodominicano.com\/index.php?rest_route=\/wp\/v2\/posts\/249160\/revisions"}],"wp:attachment":[{"href":"https:\/\/diariodominicano.com\/index.php?rest_route=%2Fwp%2Fv2%2Fmedia&parent=249160"}],"wp:term":[{"taxonomy":"category","embeddable":true,"href":"https:\/\/diariodominicano.com\/index.php?rest_route=%2Fwp%2Fv2%2Fcategories&post=249160"},{"taxonomy":"post_tag","embeddable":true,"href":"https:\/\/diariodominicano.com\/index.php?rest_route=%2Fwp%2Fv2%2Ftags&post=249160"}],"curies":[{"name":"wp","href":"https:\/\/api.w.org\/{rel}","templated":true}]}}