{"id":249157,"date":"2016-08-02T10:13:43","date_gmt":"2016-08-02T10:13:43","guid":{"rendered":"http:\/\/diariodominicano.ddns.net\/?p=249157"},"modified":"2016-08-02T10:13:43","modified_gmt":"2016-08-02T10:13:43","slug":"huelga-air-france-costara-mas-de-100-millones-de-dolares","status":"publish","type":"post","link":"https:\/\/diariodominicano.com\/?p=249157","title":{"rendered":"Huelga Air France costar\u00e1 m\u00e1s de 100 millones de d\u00f3lares"},"content":{"rendered":"<p><body><\/p>\n<p><img decoding=\"async\" src=\"img3\/air-europa2-8.jpg\" \/>  <\/p>\n<p><span class=\"text1noticias\">   PARIS, 2 ago (Xinhua) &#8212; La huelga de una semana de los tripulantes de cabina costar\u00e1 a la principal aerol\u00ednea francesa, Air France, 90 millones de euros (100,74 millones de d\u00f3lares), dijo hoy el director general de la aerol\u00ednea, Frederic Gagey.<\/span><\/p>\n<p><span class=\"text1noticias\"> <\/span><\/p>\n<p><span class=\"text1noticias\">     \u00abEs una suma muy grande, equivalente al valor de un avi\u00f3n de larga distancia\u00bb, dijo Gagey a la radio France Info.<\/span><\/p>\n<p><span class=\"text1noticias\"> <\/span><\/p>\n<p><span class=\"text1noticias\">     Gagey dijo que la huelga ha afectado a unas 180.000 personas.<\/span><\/p>\n<p><span class=\"text1noticias\"> <\/span><\/p>\n<p><span class=\"text1noticias\">     SNPNC-FO y Unsa-PNC, dos sindicatos de la aerol\u00ednea, convocaron a la huelga del 27 de julio al 2 de agosto.<\/span><\/p>\n<p><span class=\"text1noticias\"> <\/span><\/p>\n<p><span class=\"text1noticias\">    El 90 por ciento de los vuelos de la aerol\u00ednea est\u00e1 en operaci\u00f3n hoy, incluidos sus vuelos de larga distancia y 85 por ciento de los vuelos de distancia corta y mediana desde el aeropuerto Charles de Gaulle de Pa<\/span>r\u00eds.<\/p>\n<h6> 2016-08-02 10:13:43 <\/h6>\n<p><!--\n<link rel=\"stylesheet\" href=\"css\/bootstrap.min.css\">\n\n\n<ul class=\"pagination\">\n\t    \n\t\n\n<li >\n\t<a href='?page_no=18801'>Previous<\/a>\n\t<\/li>\n\n\n       \n    \n\n<li><a href='?page_no=1'>1<\/a><\/li>\n\n\n\n<li><a href='?page_no=2'>2<\/a><\/li>\n\n\n\n<li><a>...<\/a><\/li>\n\n\n\n<li><a href='?page_no=18800'>18800<\/a><\/li>\n\n\n\n<li><a href='?page_no=18801'>18801<\/a><\/li>\n\n\n\n<li class='active'><a>18802<\/a><\/li>\n\n\n\n<li><a href='?page_no=18803'>18803<\/a><\/li>\n\n\n\n<li><a href='?page_no=18804'>18804<\/a><\/li>\n\n\n\n<li><a>...<\/a><\/li>\n\n\n\n<li><a href='?page_no=51012'>51012<\/a><\/li>\n\n\n\n<li><a href='?page_no=51013'>51013<\/a><\/li>\n\n    \n\t\n\n<li >\n\t<a href='?page_no=18803'>Next<\/a>\n\t<\/li>\n\n\n    \n\n<li><a href='?page_no=51013'>Last &rsaquo;&rsaquo;<\/a><\/li>\n\n<\/ul>\n\n\n--><br \/>\n<\/body><\/p>\n","protected":false},"excerpt":{"rendered":"<p>PARIS, 2 ago (Xinhua) &#8212; La huelga de una semana de los tripulantes de cabina costar\u00e1 a la principal aerol\u00ednea francesa, Air France, 90 millones de euros (100,74 millones de d\u00f3lares), dijo hoy el director general de la aerol\u00ednea, Frederic Gagey. \u00abEs una suma muy grande, equivalente al valor de un avi\u00f3n de larga distancia\u00bb, [&hellip;]<\/p>\n","protected":false},"author":3,"featured_media":0,"comment_status":"open","ping_status":"open","sticky":false,"template":"","format":"standard","meta":{"footnotes":""},"categories":[23],"tags":[],"class_list":["post-249157","post","type-post","status-publish","format-standard","hentry","category-internacional"],"_links":{"self":[{"href":"https:\/\/diariodominicano.com\/index.php?rest_route=\/wp\/v2\/posts\/249157","targetHints":{"allow":["GET"]}}],"collection":[{"href":"https:\/\/diariodominicano.com\/index.php?rest_route=\/wp\/v2\/posts"}],"about":[{"href":"https:\/\/diariodominicano.com\/index.php?rest_route=\/wp\/v2\/types\/post"}],"author":[{"embeddable":true,"href":"https:\/\/diariodominicano.com\/index.php?rest_route=\/wp\/v2\/users\/3"}],"replies":[{"embeddable":true,"href":"https:\/\/diariodominicano.com\/index.php?rest_route=%2Fwp%2Fv2%2Fcomments&post=249157"}],"version-history":[{"count":0,"href":"https:\/\/diariodominicano.com\/index.php?rest_route=\/wp\/v2\/posts\/249157\/revisions"}],"wp:attachment":[{"href":"https:\/\/diariodominicano.com\/index.php?rest_route=%2Fwp%2Fv2%2Fmedia&parent=249157"}],"wp:term":[{"taxonomy":"category","embeddable":true,"href":"https:\/\/diariodominicano.com\/index.php?rest_route=%2Fwp%2Fv2%2Fcategories&post=249157"},{"taxonomy":"post_tag","embeddable":true,"href":"https:\/\/diariodominicano.com\/index.php?rest_route=%2Fwp%2Fv2%2Ftags&post=249157"}],"curies":[{"name":"wp","href":"https:\/\/api.w.org\/{rel}","templated":true}]}}