{"id":249155,"date":"2016-08-02T11:14:54","date_gmt":"2016-08-02T11:14:54","guid":{"rendered":"http:\/\/diariodominicano.ddns.net\/?p=249155"},"modified":"2016-08-02T11:14:54","modified_gmt":"2016-08-02T11:14:54","slug":"venezuela-denuncia-boicot-a-la-presidencia-protempore-de-mercosur","status":"publish","type":"post","link":"https:\/\/diariodominicano.com\/?p=249155","title":{"rendered":"Venezuela denuncia boicot a la presidencia protempore de Mercosur"},"content":{"rendered":"<p><body><\/p>\n<p><img decoding=\"async\" src=\"img3\/mercosur-vene2-8.jpg\" \/>  <\/p>\n<p><span class=\"text1noticias\">Caracas, 2 ago (PL) El Gobierno bolivariano reiter\u00f3 denuncias a sus similares de Paraguay, Brasil y Argentina que persisten hoy en boicotear el proceso de traspaso a Venezuela de la presidencia pro tempore del Mercado Com\u00fan del Sur(Mercosur). (PLRadio)<\/span><\/p>\n<p><span class=\"text1noticias\"> <\/span><\/p>\n<p><span class=\"text1noticias\">De acuerdo con la canciller Delcy Rodr\u00edguez, al recibir esa responsabilidad de manos de Uruguay el Ejecutivo ratifica el respeto hacia la institucionalidad y la normativa de esta alianza regional.<\/span><\/p>\n<p><span class=\"text1noticias\"> <\/span><\/p>\n<p><span class=\"text1noticias\">En declaraciones al canal multinacional Telesur, la jefa de la diplomacia venezolana explic\u00f3 que la normativa del Mercosur indica que para que pueda darse el traspaso de un pa\u00eds a otro se toma en consideraci\u00f3n el orden alfab\u00e9tico, y que haya concluido el semestre.<\/span><\/p>\n<p><span class=\"text1noticias\"> <\/span><\/p>\n<p><span class=\"text1noticias\">En ese sentido precis\u00f3 que Venezuela comenzar\u00e1 a ejercer plenamente lo que le corresponde por derecho, que es el ejercicio leg\u00edtimo y pleno de sus derechos y deberes al frente de ese bloque.<\/span><\/p>\n<p><span class=\"text1noticias\"> <\/span><\/p>\n<p><span class=\"text1noticias\">Rodr\u00edguez agradeci\u00f3 la gesti\u00f3n saliente de Uruguay y alert\u00f3 que de no asumir la presidencia de la alianza, se entrar\u00eda en una situaci\u00f3n de facto, porque donde no se sabe qu\u00e9 hacer ni qu\u00e9 normas deben cumplirse al violar el reglamento.<\/span><\/p>\n<p><span class=\"text1noticias\"> <\/span><\/p>\n<p><span class=\"text1noticias\">Tambi\u00e9n rechaz\u00f3 la reincidencia de la derecha internacional, sectores que en su af\u00e1n de atacar a Venezuela para hacer desaparecer la Revoluci\u00f3n Bolivariana, cuestionan el cumplimiento de la normativa del Mercosur.<\/span><\/p>\n<p><span class=\"text1noticias\"> <\/span><\/p>\n<p><span class=\"text1noticias\">Al respecto, denunci\u00f3 las intenciones de los gobiernos de derecha de Argentina, Brasil y Paraguay, para atacar a Venezuela y convertir al Mercosur en un mecanismo que sirva a los intereses del imperialismo.<\/span><\/p>\n<p><span class=\"text1noticias\"> <\/span><\/p>\n<p><span class=\"text1noticias\">Se est\u00e1 afectando un mecanismo de uni\u00f3n regional con el \u00fanico pretexto de ponerlo de nuevo en consenso de Washington, coment\u00f3.<\/span><\/p>\n<p><span class=\"text1noticias\"> <\/span><\/p>\n<p><span class=\"text1noticias\">Para la funcionaria, en este caso son los mismos que pretenden volver al pasado donde las pol\u00edticas neoliberales sumieron a los pueblos de la regi\u00f3n en la pobreza, la desigualdad, la exclusi\u00f3n y la miseria.<\/span><\/p>\n<p><span class=\"text1noticias\"> <\/span><\/p>\n<p><span class=\"text1noticias\">Al encabezar Mercosur, adelant\u00f3, Venezuela reforzar\u00e1 el comercio y nuevos planes para la integraci\u00f3n regional, con mayor protagonismo de los<\/span> pueblos.<\/p>\n<h6> 2016-08-02 11:14:54 <\/h6>\n<p><!--\n<link rel=\"stylesheet\" href=\"css\/bootstrap.min.css\">\n\n\n<ul class=\"pagination\">\n\t    \n\t\n\n<li >\n\t<a href='?page_no=18799'>Previous<\/a>\n\t<\/li>\n\n\n       \n    \n\n<li><a href='?page_no=1'>1<\/a><\/li>\n\n\n\n<li><a href='?page_no=2'>2<\/a><\/li>\n\n\n\n<li><a>...<\/a><\/li>\n\n\n\n<li><a href='?page_no=18798'>18798<\/a><\/li>\n\n\n\n<li><a href='?page_no=18799'>18799<\/a><\/li>\n\n\n\n<li class='active'><a>18800<\/a><\/li>\n\n\n\n<li><a href='?page_no=18801'>18801<\/a><\/li>\n\n\n\n<li><a href='?page_no=18802'>18802<\/a><\/li>\n\n\n\n<li><a>...<\/a><\/li>\n\n\n\n<li><a href='?page_no=51012'>51012<\/a><\/li>\n\n\n\n<li><a href='?page_no=51013'>51013<\/a><\/li>\n\n    \n\t\n\n<li >\n\t<a href='?page_no=18801'>Next<\/a>\n\t<\/li>\n\n\n    \n\n<li><a href='?page_no=51013'>Last &rsaquo;&rsaquo;<\/a><\/li>\n\n<\/ul>\n\n\n--><br \/>\n<\/body><\/p>\n","protected":false},"excerpt":{"rendered":"<p>Caracas, 2 ago (PL) El Gobierno bolivariano reiter\u00f3 denuncias a sus similares de Paraguay, Brasil y Argentina que persisten hoy en boicotear el proceso de traspaso a Venezuela de la presidencia pro tempore del Mercado Com\u00fan del Sur(Mercosur). (PLRadio) De acuerdo con la canciller Delcy Rodr\u00edguez, al recibir esa responsabilidad de manos de Uruguay el [&hellip;]<\/p>\n","protected":false},"author":3,"featured_media":0,"comment_status":"open","ping_status":"open","sticky":false,"template":"","format":"standard","meta":{"footnotes":""},"categories":[23],"tags":[],"class_list":["post-249155","post","type-post","status-publish","format-standard","hentry","category-internacional"],"_links":{"self":[{"href":"https:\/\/diariodominicano.com\/index.php?rest_route=\/wp\/v2\/posts\/249155","targetHints":{"allow":["GET"]}}],"collection":[{"href":"https:\/\/diariodominicano.com\/index.php?rest_route=\/wp\/v2\/posts"}],"about":[{"href":"https:\/\/diariodominicano.com\/index.php?rest_route=\/wp\/v2\/types\/post"}],"author":[{"embeddable":true,"href":"https:\/\/diariodominicano.com\/index.php?rest_route=\/wp\/v2\/users\/3"}],"replies":[{"embeddable":true,"href":"https:\/\/diariodominicano.com\/index.php?rest_route=%2Fwp%2Fv2%2Fcomments&post=249155"}],"version-history":[{"count":0,"href":"https:\/\/diariodominicano.com\/index.php?rest_route=\/wp\/v2\/posts\/249155\/revisions"}],"wp:attachment":[{"href":"https:\/\/diariodominicano.com\/index.php?rest_route=%2Fwp%2Fv2%2Fmedia&parent=249155"}],"wp:term":[{"taxonomy":"category","embeddable":true,"href":"https:\/\/diariodominicano.com\/index.php?rest_route=%2Fwp%2Fv2%2Fcategories&post=249155"},{"taxonomy":"post_tag","embeddable":true,"href":"https:\/\/diariodominicano.com\/index.php?rest_route=%2Fwp%2Fv2%2Ftags&post=249155"}],"curies":[{"name":"wp","href":"https:\/\/api.w.org\/{rel}","templated":true}]}}