{"id":249154,"date":"2016-08-02T12:01:51","date_gmt":"2016-08-02T12:01:51","guid":{"rendered":"http:\/\/diariodominicano.ddns.net\/?p=249154"},"modified":"2016-08-02T12:01:51","modified_gmt":"2016-08-02T12:01:51","slug":"socialistas-mantienen-negativa-de-apoyar-a-rajoy-en-espana","status":"publish","type":"post","link":"https:\/\/diariodominicano.com\/?p=249154","title":{"rendered":"Socialistas mantienen negativa de apoyar a Rajoy en Espa\u00f1a"},"content":{"rendered":"<p><body><\/p>\n<p><img decoding=\"async\" src=\"img3\/rajoy pedro2-8.jpg\" \/>  <\/p>\n<p><span class=\"text1noticias\"> MADRID, 2 ago (Xinhua) &#8212; El secretario general del Partido Socialista Obrero Espa\u00f1ol (PSOE), Pedro S\u00e1nchez, expres\u00f3 hoy que se mantiene invariable el \u00abno\u00bb de apoyar al presidente del gobierno de Espa\u00f1a, Mariano Rajoy, y que siguen vigentes los desacuerdos entre ambos.  <\/span><\/p>\n<p><span class=\"text1noticias\"> <\/span><\/p>\n<p><span class=\"text1noticias\">     El l\u00edder partidista sostuvo en rueda de prensa en el Congreso de los Diputados, tras reunirse este martes con Rajoy durante unos 55 minutos, que sal\u00eda m\u00e1s preocupado de lo que entr\u00f3 y que \u00abdesde la izquierda no vamos a apoyar a las derechas\u00bb.<\/span><\/p>\n<p><span class=\"text1noticias\"> <\/span><\/p>\n<p><span class=\"text1noticias\">     \u00abTiene que asumir (Rajoy) su responsabilidad institucional\u00bb y por ello \u00able vamos a dar el tiempo que necesite\u00bb, dijo el representante del PSOE.<\/span><\/p>\n<p><span class=\"text1noticias\"> <\/span><\/p>\n<p><span class=\"text1noticias\">     S\u00e1nchez se\u00f1al\u00f3 que el acuerdo entre Partido Popular (PP), al que pertenece Rajoy, y Ciudadanos alcanz\u00f3 los votos necesarios para sacar las vicepresidencias de la Mesa del Congreso.<\/span><\/p>\n<p><span class=\"text1noticias\"> <\/span><\/p>\n<p><span class=\"text1noticias\">     Dijo que Rajoy no le aclar\u00f3 ninguna de las preguntas que le traslad\u00f3 en la reuni\u00f3n, entre ellas, si se va a presentar a la investidura y si ha fijado con la presidenta del Congreso, Ana Pastor, una fecha para la sesi\u00f3n.<\/span><\/p>\n<p><span class=\"text1noticias\"> <\/span><\/p>\n<p><span class=\"text1noticias\">     Por su parte, Rajoy asever\u00f3 que el l\u00edder socialista \u00abno ha sido receptivo\u00bb a sus propuestas y que \u00absi Pedro S\u00e1nchez sigue diciendo que &#8216;no&#8217;, iremos a nuevas elecciones\u00bb.<\/span><\/p>\n<p><span class=\"text1noticias\"> <\/span><\/p>\n<p><span class=\"text1noticias\">     Rajoy record\u00f3 el encargo que le hizo el rey Felipe VI de Espa\u00f1a para buscar apoyos y formar un Ejecutivo.<\/span><\/p>\n<p><span class=\"text1noticias\"> <\/span><\/p>\n<p><span class=\"text1noticias\">     En lo \u00fanico en que coinciden ambos pol\u00edticos, es en la urgencia de formar gobierno, aunque el mandatario espa\u00f1ol cree que no es posible investidura ni gobierno estable sin la participaci\u00f3n del PSOE.<\/span><\/p>\n<p><span class=\"text1noticias\"> <\/span><\/p>\n<p><span class=\"text1noticias\">     El presidente del gobierno de Espa\u00f1a ofreci\u00f3 a S\u00e1nchez crear cuatro grupos de trabajo y dedicar todo el tiempo que haga falta a la negociaci\u00f3n.<\/span><\/p>\n<p><span class=\"text1noticias\"> <\/span><\/p>\n<p><span class=\"text1noticias\">     Destac\u00f3 que la investidura debe hacerse con el fin de formar un gobierno y no de hacer un debate, raz\u00f3n por la cual no tiene prisa por ir a ella, hasta que no vea que cuenta con suficientes apoyos.<\/span><\/p>\n<p><span class=\"text1noticias\"> <\/span><\/p>\n<p><span class=\"text1noticias\">     Dijo que \u00abse puede si se quiere\u00bb, de ah\u00ed que est\u00e9 dispuesto a insistir con S\u00e1nchez en pr\u00f3ximas reuniones, para ver si consigue convencerlo para llegar a ese acuerdo program\u00e1tico, condici\u00f3n previa a crear un gobierno.<\/span><\/p>\n<p><span class=\"text1noticias\"> <\/span><\/p>\n<p><span class=\"text1noticias\">     \u00abSeguir\u00e9 intentando el entendimiento, manteniendo sucesivas reuniones que durar\u00e1n m\u00e1s o menos d\u00edas, en funci\u00f3n de lo receptivos que resulten sus interlocutores\u00bb, expres\u00f3 Rajoy.<\/span><\/p>\n<p><span class=\"text1noticias\"> <\/span><\/p>\n<p><span class=\"text1noticias\">     Resalt\u00f3 que lo importante \u00abes que no haya bloqueo\u00bb, adem\u00e1s de que el l\u00edder del PSOE no le ha aclarado sus intenciones respecto a presentar una alternativa de izquierdas a su gobierno.<\/span><\/p>\n<p><span class=\"text1noticias\"> <\/span><\/p>\n<p><span class=\"text1noticias\">     Mariano Rajoy proseguir\u00e1 este 3 de agosto con sus contactos para buscar apoyos y se ver\u00e1 con el l\u00edder del partido Ciudadanos, Albert Rivera, quien ha manifestado se abstendr\u00e1 en una posible investidura de Rajoy.<\/span><\/p>\n<p><span class=\"text1noticias\"> <\/span><\/p>\n<p><span class=\"text1noticias\">     Analistas espa\u00f1oles consideran que si todo sigue como hasta hoy, ser\u00e1 inevitable llevar a cabo elecciones por ter<\/span>cera ocasi\u00f3n. <\/p>\n<h6> 2016-08-02 12:01:51 <\/h6>\n<p><!--\n<link rel=\"stylesheet\" href=\"css\/bootstrap.min.css\">\n\n\n<ul class=\"pagination\">\n\t    \n\t\n\n<li >\n\t<a href='?page_no=18798'>Previous<\/a>\n\t<\/li>\n\n\n       \n    \n\n<li><a href='?page_no=1'>1<\/a><\/li>\n\n\n\n<li><a href='?page_no=2'>2<\/a><\/li>\n\n\n\n<li><a>...<\/a><\/li>\n\n\n\n<li><a href='?page_no=18797'>18797<\/a><\/li>\n\n\n\n<li><a href='?page_no=18798'>18798<\/a><\/li>\n\n\n\n<li class='active'><a>18799<\/a><\/li>\n\n\n\n<li><a href='?page_no=18800'>18800<\/a><\/li>\n\n\n\n<li><a href='?page_no=18801'>18801<\/a><\/li>\n\n\n\n<li><a>...<\/a><\/li>\n\n\n\n<li><a href='?page_no=51012'>51012<\/a><\/li>\n\n\n\n<li><a href='?page_no=51013'>51013<\/a><\/li>\n\n    \n\t\n\n<li >\n\t<a href='?page_no=18800'>Next<\/a>\n\t<\/li>\n\n\n    \n\n<li><a href='?page_no=51013'>Last &rsaquo;&rsaquo;<\/a><\/li>\n\n<\/ul>\n\n\n--><br \/>\n<\/body><\/p>\n","protected":false},"excerpt":{"rendered":"<p>MADRID, 2 ago (Xinhua) &#8212; El secretario general del Partido Socialista Obrero Espa\u00f1ol (PSOE), Pedro S\u00e1nchez, expres\u00f3 hoy que se mantiene invariable el \u00abno\u00bb de apoyar al presidente del gobierno de Espa\u00f1a, Mariano Rajoy, y que siguen vigentes los desacuerdos entre ambos. El l\u00edder partidista sostuvo en rueda de prensa en el Congreso de los [&hellip;]<\/p>\n","protected":false},"author":3,"featured_media":0,"comment_status":"open","ping_status":"open","sticky":false,"template":"","format":"standard","meta":{"footnotes":""},"categories":[23],"tags":[],"class_list":["post-249154","post","type-post","status-publish","format-standard","hentry","category-internacional"],"_links":{"self":[{"href":"https:\/\/diariodominicano.com\/index.php?rest_route=\/wp\/v2\/posts\/249154","targetHints":{"allow":["GET"]}}],"collection":[{"href":"https:\/\/diariodominicano.com\/index.php?rest_route=\/wp\/v2\/posts"}],"about":[{"href":"https:\/\/diariodominicano.com\/index.php?rest_route=\/wp\/v2\/types\/post"}],"author":[{"embeddable":true,"href":"https:\/\/diariodominicano.com\/index.php?rest_route=\/wp\/v2\/users\/3"}],"replies":[{"embeddable":true,"href":"https:\/\/diariodominicano.com\/index.php?rest_route=%2Fwp%2Fv2%2Fcomments&post=249154"}],"version-history":[{"count":0,"href":"https:\/\/diariodominicano.com\/index.php?rest_route=\/wp\/v2\/posts\/249154\/revisions"}],"wp:attachment":[{"href":"https:\/\/diariodominicano.com\/index.php?rest_route=%2Fwp%2Fv2%2Fmedia&parent=249154"}],"wp:term":[{"taxonomy":"category","embeddable":true,"href":"https:\/\/diariodominicano.com\/index.php?rest_route=%2Fwp%2Fv2%2Fcategories&post=249154"},{"taxonomy":"post_tag","embeddable":true,"href":"https:\/\/diariodominicano.com\/index.php?rest_route=%2Fwp%2Fv2%2Ftags&post=249154"}],"curies":[{"name":"wp","href":"https:\/\/api.w.org\/{rel}","templated":true}]}}