{"id":249153,"date":"2016-08-02T14:05:48","date_gmt":"2016-08-02T14:05:48","guid":{"rendered":"http:\/\/diariodominicano.ddns.net\/?p=249153"},"modified":"2016-08-02T14:05:48","modified_gmt":"2016-08-02T14:05:48","slug":"negociaciones-inter-yemenitas-en-peligro-de-colapso","status":"publish","type":"post","link":"https:\/\/diariodominicano.com\/?p=249153","title":{"rendered":"&#13;Negociaciones inter-yemenitas en peligro de colapso"},"content":{"rendered":"<p><body><\/p>\n<p><img decoding=\"async\" src=\"img3\/yemen-paz-neg-kuwait.jpg\" \/>  <\/p>\n<p><span class=\"text1noticias\">\t <\/span><\/p>\n<p><span class=\"text1noticias\">  <\/span><\/p>\n<p><span class=\"text1noticias\">Por Ulises Canales<\/span><\/p>\n<\/p>\n<p><span class=\"text1noticias\">Beirut, 2 ago (PL) La retirada de Kuwait de la delegaci\u00f3n gubernamental de Yemen aviv\u00f3 hoy el escepticismo sobre el \u00e9xito de las negociaciones de paz con los rebeldes, a pesar de haber aceptado una propuesta de acuerdo de la ONU.<\/span><\/p>\n<\/p>\n<p><span class=\"text1noticias\">Para la mayor\u00eda de analistas que dan seguimiento a la crisis en el pa\u00eds de la pen\u00ednsula Ar\u00e1biga sobran evidencias para creer previsible el colapso de las conversaciones iniciadas el 21 de abril en la capital kuwait\u00ed bajo el auspicio del enviado especial de la ONU para Yemen, Ismail Ould Cheikh Ahmed.<\/span><\/p>\n<\/p>\n<p><span class=\"text1noticias\">Sin embargo, los marat\u00f3nicos esfuerzos emprendidos por el pa\u00eds anfitri\u00f3n y el diplom\u00e1tico mauritano el fin de semana en aras de salvar las tratativas aliviaron parcialmente los temores, sin perder de vista la persistencia de combates sobre el terreno y los abismos que separan a los negociadores.<\/span><\/p>\n<\/p>\n<p><span class=\"text1noticias\">El viceprimer ministro y canciller yemenita, Abdelmalak Al-Mekhlafi, quien preside la comitiva que representa al gobierno del presidente Abd Rabbo Mansour Hadi, asegur\u00f3 anoche que las negociaciones \u00abno estaban suspendidas ni finalizadas\u00bb y concluir\u00e1n en la nueva fecha prevista del 7 de agosto.<\/span><\/p>\n<\/p>\n<p><span class=\"text1noticias\">Al-Mekhlafi hizo tal aseveraci\u00f3n desde el aeropuerto internacional de Kuwait poco antes de regresar a Riad, la capital saudita donde radica desde hace m\u00e1s de un a\u00f1o el gobierno \u00absemi-exiliado\u00bb de Hadi despu\u00e9s que el movimiento Ansar Allah lo expuls\u00f3 de Sanaa, en septiembre de 2014.<\/span><\/p>\n<\/p>\n<p><span class=\"text1noticias\">Previo a su partida, la comitiva gubernamental suscribi\u00f3 un borrador de acuerdo remitido por la ONU con el prop\u00f3sito de detener la guerra iniciada el 26 de marzo de 2015 con bombardeos a\u00e9reos de Arabia Saudita, pero el viaje lo hizo a sabiendas del rechazo de la contraparte insurgente.<\/span><\/p>\n<\/p>\n<p><span class=\"text1noticias\">De hecho, Al-Mekhlafi aprovech\u00f3 su comparecencia ante los medios para instar al liderazgo houthi de Ansar Allah y a sus aliados del Congreso General del Pueblo (CGP), el partido del expresidente yemenita Al\u00ed Abdulah Saleh, a suscribir el pre-acuerdo presentado por Cheikh Ahmed.<\/span><\/p>\n<\/p>\n<p><span class=\"text1noticias\">Con su r\u00fabrica, los rebeldes \u00abdemostrar\u00e1n cu\u00e1n serios son para lograr paz y seguridad para Yemen, as\u00ed como a terminar la guerra y sus destructivos efectos mediante la entrega de las armas, la retirada de las ciudades que dominan y la reactivaci\u00f3n de las instituciones del Estado\u00bb, apunt\u00f3.<\/span><\/p>\n<\/p>\n<p><span class=\"text1noticias\">Precisamente, lo anterior sintetiza los elementos de mayor escollo en el dif\u00edcil proceso negociador inter-yemenita -que no necesariamente lleva impl\u00edcita la reconciliaci\u00f3n-, pues los sublevados se muestran reticentes a acatar tal cual esos aspectos contenidos en la resoluci\u00f3n 2216 de la ONU.<\/span><\/p>\n<\/p>\n<p><span class=\"text1noticias\">De acuerdo con el contenido del proyecto de acuerdo, los rebeldes beben dejar Sanaa (la capital), Al-Hodeidah y Taiz, deshacerse del armamento pesado y devolver las instituciones estatales que dominan desde hace casi dos a\u00f1os.<\/span><\/p>\n<\/p>\n<p><span class=\"text1noticias\">La insurgencia, por su parte, defiende primero la formaci\u00f3n de un gobierno de unidad y, adem\u00e1s, aboga por un presidente de consenso -que no ser\u00eda Hadi- para conducir y supervisar la transici\u00f3n en un escenario post-conflicto.<\/span><\/p>\n<\/p>\n<p><span class=\"text1noticias\">Seg\u00fan la percepci\u00f3n del gobierno de Hadi, adem\u00e1s de los reclamos ya conocidos, \u00abeventualmente\u00bb aceptaron \u00abun repliegue gradual de las principales urbes\u00bb como \u00abun primer paso para apoyar los esfuerzos del enviado de la ONU y aliviar los sufrimientos del pueblo de Yemen\u00bb.<\/span><\/p>\n<\/p>\n<p><span class=\"text1noticias\">Pero no hay di\u00e1logo, si al menos dos no quieren hablar, y tampoco puede haber acuerdo firme, sin la implicaci\u00f3n de todos los contendientes; y en el caso de Yemen existen demasiados beligerantes que, incluso sin portar armas, tienen la capacidad para matar, estancar o revertir las negociaciones.<\/span><\/p>\n<\/p>\n<p><span class=\"text1noticias\">Si bien la paz y la prosperidad de Yemen figuran p\u00fablicamente como prioridades de las conversaciones en Kuwait, la amalgama de intereses externos, algunas veces incompatibles, mantiene encallado el proceso.<\/span><\/p>\n<\/p>\n<p><span class=\"text1noticias\">De hecho, no ser\u00e1 necesario certificarlo oficialmente fracasado o diferido para entender que los esfuerzos diplom\u00e1ticos del enviado especial de la ONU est\u00e1n abocados -en el escenario m\u00e1s optimista- a una inercia de ni guerra ni paz, pero sin reconciliaci\u00f3n.<\/span><\/p>\n<\/p>\n<p><span class=\"text1noticias\">Transcurridos ya cuatro meses de pl\u00e1ticas sin ning\u00fan logro tangible, la decisi\u00f3n de los houthis y del CGP de formar un Consejo Pol\u00edtico Supremo ahond\u00f3, todav\u00eda m\u00e1s, las desconfianzas y desencaden\u00f3 un sinf\u00edn de reproches del gobierno y sus aliados regionales, en particular Arabia Saudita.<\/span><\/p>\n<\/p>\n<p><span class=\"text1noticias\">Del lado de la \u00ablegitimidad constitucional\u00bb, l\u00e9ase Hadi, est\u00e1n -a t\u00edtulo individual y en bloque- los pa\u00edses del Consejo de Cooperaci\u00f3n del Golfo (CCG), la Organizaci\u00f3n de Cooperaci\u00f3n Isl\u00e1mica, la Liga \u00c1rabe y la ONU.<\/span><\/p>\n<\/p>\n<p><span class=\"text1noticias\">Los rebeldes cuentan b\u00e1sicamente con la simpat\u00eda y -seg\u00fan algunas fuentes- con estrategas y combatientes de Ir\u00e1n y del movimiento chiita liban\u00e9s Hizbulah, claves para permitirles resistir 17 meses de bombardeos y bloqueos a\u00e9reo, naval y terrestre de la coalici\u00f3n \u00e1rabe-isl\u00e1mica que lidera Riad.<\/span><\/p>\n<\/p>\n<p><span class=\"text1noticias\">M\u00e1s all\u00e1 de las particularidades del hipot\u00e9tico acuerdo, lo innegable es que para las seis monarqu\u00edas sunnitas del CCG y aliados occidentales como Estados Unidos es y ser\u00e1 inaceptable que se instale un gobierno chiita pro-iran\u00ed en un espacio estrat\u00e9gico como el golfo P\u00e9rsico.<\/span><\/p>\n<\/p>\n<p><span class=\"text1noticias\">Mientras la falta de entendimiento agrava las penurias de la poblaci\u00f3n yemenita, otra verdad inamovible es que Ansar Allah y el CGP, despu\u00e9s de tanta resistencia, tampoco parecen dispuestos a tolerar sin nada concreto a cambio que Yemen quede bajo lo que llaman \u00ab\u00e9gida estadounidense-saudita\u00bb.<\/span><\/p>\n<h6> 2016-08-02 14:05:48 <\/h6>\n<p><!--\n<link rel=\"stylesheet\" href=\"css\/bootstrap.min.css\">\n\n\n<ul class=\"pagination\">\n\t    \n\t\n\n<li >\n\t<a href='?page_no=18797'>Previous<\/a>\n\t<\/li>\n\n\n       \n    \n\n<li><a href='?page_no=1'>1<\/a><\/li>\n\n\n\n<li><a href='?page_no=2'>2<\/a><\/li>\n\n\n\n<li><a>...<\/a><\/li>\n\n\n\n<li><a href='?page_no=18796'>18796<\/a><\/li>\n\n\n\n<li><a href='?page_no=18797'>18797<\/a><\/li>\n\n\n\n<li class='active'><a>18798<\/a><\/li>\n\n\n\n<li><a href='?page_no=18799'>18799<\/a><\/li>\n\n\n\n<li><a href='?page_no=18800'>18800<\/a><\/li>\n\n\n\n<li><a>...<\/a><\/li>\n\n\n\n<li><a href='?page_no=51012'>51012<\/a><\/li>\n\n\n\n<li><a href='?page_no=51013'>51013<\/a><\/li>\n\n    \n\t\n\n<li >\n\t<a href='?page_no=18799'>Next<\/a>\n\t<\/li>\n\n\n    \n\n<li><a href='?page_no=51013'>Last &rsaquo;&rsaquo;<\/a><\/li>\n\n<\/ul>\n\n\n--><br \/>\n<\/body><\/p>\n","protected":false},"excerpt":{"rendered":"<p>Por Ulises Canales Beirut, 2 ago (PL) La retirada de Kuwait de la delegaci\u00f3n gubernamental de Yemen aviv\u00f3 hoy el escepticismo sobre el \u00e9xito de las negociaciones de paz con los rebeldes, a pesar de haber aceptado una propuesta de acuerdo de la ONU. Para la mayor\u00eda de analistas que dan seguimiento a la crisis [&hellip;]<\/p>\n","protected":false},"author":3,"featured_media":0,"comment_status":"open","ping_status":"open","sticky":false,"template":"","format":"standard","meta":{"footnotes":""},"categories":[23],"tags":[],"class_list":["post-249153","post","type-post","status-publish","format-standard","hentry","category-internacional"],"_links":{"self":[{"href":"https:\/\/diariodominicano.com\/index.php?rest_route=\/wp\/v2\/posts\/249153","targetHints":{"allow":["GET"]}}],"collection":[{"href":"https:\/\/diariodominicano.com\/index.php?rest_route=\/wp\/v2\/posts"}],"about":[{"href":"https:\/\/diariodominicano.com\/index.php?rest_route=\/wp\/v2\/types\/post"}],"author":[{"embeddable":true,"href":"https:\/\/diariodominicano.com\/index.php?rest_route=\/wp\/v2\/users\/3"}],"replies":[{"embeddable":true,"href":"https:\/\/diariodominicano.com\/index.php?rest_route=%2Fwp%2Fv2%2Fcomments&post=249153"}],"version-history":[{"count":0,"href":"https:\/\/diariodominicano.com\/index.php?rest_route=\/wp\/v2\/posts\/249153\/revisions"}],"wp:attachment":[{"href":"https:\/\/diariodominicano.com\/index.php?rest_route=%2Fwp%2Fv2%2Fmedia&parent=249153"}],"wp:term":[{"taxonomy":"category","embeddable":true,"href":"https:\/\/diariodominicano.com\/index.php?rest_route=%2Fwp%2Fv2%2Fcategories&post=249153"},{"taxonomy":"post_tag","embeddable":true,"href":"https:\/\/diariodominicano.com\/index.php?rest_route=%2Fwp%2Fv2%2Ftags&post=249153"}],"curies":[{"name":"wp","href":"https:\/\/api.w.org\/{rel}","templated":true}]}}