{"id":249151,"date":"2016-08-02T14:15:16","date_gmt":"2016-08-02T14:15:16","guid":{"rendered":"http:\/\/diariodominicano.ddns.net\/?p=249151"},"modified":"2016-08-02T14:15:16","modified_gmt":"2016-08-02T14:15:16","slug":"rajoy-advierte-sobre-riesgo-de-terceras-elecciones-en-espana","status":"publish","type":"post","link":"https:\/\/diariodominicano.com\/?p=249151","title":{"rendered":"&#13;Rajoy advierte sobre riesgo de terceras elecciones en Espa\u00f1a"},"content":{"rendered":"<p><body><\/p>\n<p><img decoding=\"async\" src=\"img3\/rajoy-3-elecciones.jpg\" \/>  <\/p>\n<\/p>\n<p><span class=\"text1noticias\">  <\/span><\/p>\n<p><span class=\"text1noticias\">Madrid, 2 ago (PL) El presidente del Gobierno en funciones Mariano Rajoy advirti\u00f3 hoy del riesgo de unas terceras elecciones generales en Espa\u00f1a, si el l\u00edder de la oposici\u00f3n socialista, Pedro S\u00e1nchez, insiste en bloquear su reelecci\u00f3n.<\/span><\/p>\n<\/p>\n<p><span class=\"text1noticias\">Rajoy se expres\u00f3 en esos t\u00e9rminos tras reunirse este martes con S\u00e1nchez, quien por en\u00e9sima vez rechaz\u00f3 la oferta del gobernante interino de formar un ejecutivo de coalici\u00f3n con el conservador Partido Popular (PP).<\/span><\/p>\n<\/p>\n<p><span class=\"text1noticias\">\u00abSi el se\u00f1or S\u00e1nchez se mantiene en el no, volveremos a repetir las elecciones\u00bb, alert\u00f3 el tambi\u00e9n presidente del PP durante una rueda de prensa en el Congreso de los Diputados, donde convers\u00f3 con su par del Partido Socialista Obrero Espa\u00f1ol (PSOE).<\/span><\/p>\n<\/p>\n<p><span class=\"text1noticias\">\u00abNo puede haber investidura ni gobierno si el Partido Socialista mantiene su posici\u00f3n\u00bb, insisti\u00f3 el jefe del Ejecutivo saliente, en alusi\u00f3n a la negativa de S\u00e1nchez a respaldar su continuidad en el gubernamental Palacio de la Moncloa.<\/span><\/p>\n<\/p>\n<p><span class=\"text1noticias\">El l\u00edder del PSOE le inst\u00f3 a buscar apoyos entre las agrupaciones de la derecha con representaci\u00f3n parlamentaria si quiere mantenerse en el poder otros cuatro a\u00f1os.<\/span><\/p>\n<\/p>\n<p><span class=\"text1noticias\">No vamos a apoyar aquello que queremos cambiar, remarc\u00f3 el m\u00e1ximo dirigente de la centenaria organizaci\u00f3n socialdem\u00f3crata, luego de aclarar que los socialistas son la alternativa a los populares.<\/span><\/p>\n<\/p>\n<p><span class=\"text1noticias\">Al frente de un gobierno en funciones desde hace m\u00e1s de siete meses, Rajoy se reuni\u00f3 este martes con S\u00e1nchez y ma\u00f1ana lo har\u00e1 con el presidente de la agrupaci\u00f3n de centroderecha Ciudadanos (C&#8217;s), Albert Rivera.<\/span><\/p>\n<\/p>\n<p><span class=\"text1noticias\">Con esta ronda de contactos, el dirigente conservador busca el respaldo de ambos partidos para garantizar un segundo mandato, despu\u00e9s que el pasado jueves acept\u00f3 el encargo del rey Felipe VI de tratar de formar gabinete.<\/span><\/p>\n<\/p>\n<p><span class=\"text1noticias\">Pese a no contar con ning\u00fan aliado para someterse a una moci\u00f3n de confianza en el Parlamento, Rajoy accedi\u00f3 a la propuesta del monarca, pero dej\u00f3 en el aire si se presentar\u00e1 a una eventual investidura, a\u00f1adiendo m\u00e1s incertidumbre pol\u00edtica.<\/span><\/p>\n<\/p>\n<p><span class=\"text1noticias\">Los socialistas ratificaron que votar\u00e1n en contra su investidura, mientras C&#8217;s asegur\u00f3 que se abstendr\u00e1 en una segunda vuelta para desatascar la par\u00e1lisis institucional surgida tras dos elecciones generales en menos de un a\u00f1o.<\/span><\/p>\n<\/p>\n<p><span class=\"text1noticias\">De momento, las dos formaciones insisten en mantener inalterable sus posiciones, lo que imposibilitar\u00eda al PP otros cuatro a\u00f1os de gesti\u00f3n.<\/span><\/p>\n<\/p>\n<p><span class=\"text1noticias\">En los comicios del 26 de junio, una repetici\u00f3n de los realizados el 20 de diciembre de 2015 ante su inconcluso desenlace, el PP result\u00f3 la fuerza m\u00e1s votada con 137 esca\u00f1os, pero qued\u00f3 lejos de los 176 establecidos como mayor\u00eda absoluta para gobernar en solitario.<\/span><\/p>\n<\/p>\n<p><span class=\"text1noticias\">Detr\u00e1s de los conservadores se ubicaron el PSOE, con 85 bancas, la coalici\u00f3n de izquierda Unidos Podemos (71) y Ciudadanos (32).<\/span><\/p>\n<\/p>\n<p><span class=\"text1noticias\">Precisamente, esa fragmentaci\u00f3n de votos en el Congreso de los Diputados -c\u00e1mara encargada de designar al presidente- impidi\u00f3 desde diciembre forjar las necesarias alianzas entre las cuatro principales agrupaciones para romper el bloqueo pol\u00edtico.<\/span><\/p>\n<\/p>\n<p><span class=\"text1noticias\">Sin embargo, S\u00e1nchez no descart\u00f3 definitivamente la posibilidad de una abstenci\u00f3n luego de una primera votaci\u00f3n de investidura, tal y como lo sugirieron algunos dirigentes de su partido, como el expresidente del Gobierno Felipe Gonz\u00e1lez (1982-1996).<\/span><\/p>\n<\/p>\n<p><span class=\"text1noticias\">\u00abEn el PSOE tomamos las decisiones de manera colegiada y ser\u00e1 en \u00faltima instancia el Comit\u00e9 Federal (m\u00e1ximo \u00f3rgano de direcci\u00f3n) el que decida si hay un cambio de opini\u00f3n y de posici\u00f3n\u00bb, sentenci\u00f3.<\/span><\/p>\n<\/p>\n<h6> 2016-08-02 14:15:16 <\/h6>\n<p><!--\n<link rel=\"stylesheet\" href=\"css\/bootstrap.min.css\">\n\n\n<ul class=\"pagination\">\n\t    \n\t\n\n<li >\n\t<a href='?page_no=18795'>Previous<\/a>\n\t<\/li>\n\n\n       \n    \n\n<li><a href='?page_no=1'>1<\/a><\/li>\n\n\n\n<li><a href='?page_no=2'>2<\/a><\/li>\n\n\n\n<li><a>...<\/a><\/li>\n\n\n\n<li><a href='?page_no=18794'>18794<\/a><\/li>\n\n\n\n<li><a href='?page_no=18795'>18795<\/a><\/li>\n\n\n\n<li class='active'><a>18796<\/a><\/li>\n\n\n\n<li><a href='?page_no=18797'>18797<\/a><\/li>\n\n\n\n<li><a href='?page_no=18798'>18798<\/a><\/li>\n\n\n\n<li><a>...<\/a><\/li>\n\n\n\n<li><a href='?page_no=51012'>51012<\/a><\/li>\n\n\n\n<li><a href='?page_no=51013'>51013<\/a><\/li>\n\n    \n\t\n\n<li >\n\t<a href='?page_no=18797'>Next<\/a>\n\t<\/li>\n\n\n    \n\n<li><a href='?page_no=51013'>Last &rsaquo;&rsaquo;<\/a><\/li>\n\n<\/ul>\n\n\n--><br \/>\n<\/body><\/p>\n","protected":false},"excerpt":{"rendered":"<p>Madrid, 2 ago (PL) El presidente del Gobierno en funciones Mariano Rajoy advirti\u00f3 hoy del riesgo de unas terceras elecciones generales en Espa\u00f1a, si el l\u00edder de la oposici\u00f3n socialista, Pedro S\u00e1nchez, insiste en bloquear su reelecci\u00f3n. Rajoy se expres\u00f3 en esos t\u00e9rminos tras reunirse este martes con S\u00e1nchez, quien por en\u00e9sima vez rechaz\u00f3 la [&hellip;]<\/p>\n","protected":false},"author":3,"featured_media":0,"comment_status":"open","ping_status":"open","sticky":false,"template":"","format":"standard","meta":{"footnotes":""},"categories":[23],"tags":[],"class_list":["post-249151","post","type-post","status-publish","format-standard","hentry","category-internacional"],"_links":{"self":[{"href":"https:\/\/diariodominicano.com\/index.php?rest_route=\/wp\/v2\/posts\/249151","targetHints":{"allow":["GET"]}}],"collection":[{"href":"https:\/\/diariodominicano.com\/index.php?rest_route=\/wp\/v2\/posts"}],"about":[{"href":"https:\/\/diariodominicano.com\/index.php?rest_route=\/wp\/v2\/types\/post"}],"author":[{"embeddable":true,"href":"https:\/\/diariodominicano.com\/index.php?rest_route=\/wp\/v2\/users\/3"}],"replies":[{"embeddable":true,"href":"https:\/\/diariodominicano.com\/index.php?rest_route=%2Fwp%2Fv2%2Fcomments&post=249151"}],"version-history":[{"count":0,"href":"https:\/\/diariodominicano.com\/index.php?rest_route=\/wp\/v2\/posts\/249151\/revisions"}],"wp:attachment":[{"href":"https:\/\/diariodominicano.com\/index.php?rest_route=%2Fwp%2Fv2%2Fmedia&parent=249151"}],"wp:term":[{"taxonomy":"category","embeddable":true,"href":"https:\/\/diariodominicano.com\/index.php?rest_route=%2Fwp%2Fv2%2Fcategories&post=249151"},{"taxonomy":"post_tag","embeddable":true,"href":"https:\/\/diariodominicano.com\/index.php?rest_route=%2Fwp%2Fv2%2Ftags&post=249151"}],"curies":[{"name":"wp","href":"https:\/\/api.w.org\/{rel}","templated":true}]}}