{"id":249150,"date":"2016-08-02T14:19:26","date_gmt":"2016-08-02T14:19:26","guid":{"rendered":"http:\/\/diariodominicano.ddns.net\/?p=249150"},"modified":"2016-08-02T14:19:26","modified_gmt":"2016-08-02T14:19:26","slug":"miles-de-personas-asisten-a-funeral-de-cura-asesinado-en-francia","status":"publish","type":"post","link":"https:\/\/diariodominicano.com\/?p=249150","title":{"rendered":"&#13;Miles de personas asisten a funeral de cura asesinado en Francia\t &#13;"},"content":{"rendered":"<p><body><\/p>\n<p><img decoding=\"async\" src=\"img3\/cura-iglesiaa.jpg\" \/>  <\/p>\n<\/p>\n<p><span class=\"text1noticias\">Par\u00eds, 2 ago (PL) Alrededor de dos mil personas colmaron hoy la catedral de Ru\u00e1n, ciudad del noroeste de Francia, para asistir al funeral del sacerdote Jacques Hamel, asesinado durante un reciente ataque terrorista.<\/span><\/p>\n<\/p>\n<p><span class=\"text1noticias\">Una multitud de cat\u00f3licos, musulmanes y personas de diversas creencias abarrot\u00f3 la iglesia para rendir homenaje al p\u00e1rroco, que al morir ten\u00eda 86 a\u00f1os, mientras varios centenares quedaron fuera y vieron la ceremonia en un pantalla gigante.<\/span><\/p>\n<\/p>\n<p><span class=\"text1noticias\">Rodeada de un fuerte dispositivo de seguridad, la misa fue oficiada por el arzobispo de Ru\u00e1n, Monse\u00f1or Dominique Lebrun, y cont\u00f3 con la presencia del ministro de Interior, Bernard Cazeneuve.<\/span><\/p>\n<\/p>\n<p><span class=\"text1noticias\">Hamel fue asesinado hace una semana por dos j\u00f3venes que atacaron la iglesia de Saint-\u00c9tienne-du-Rouvray, donde el p\u00e1rroco oficiaba misa.<\/span><\/p>\n<\/p>\n<p><span class=\"text1noticias\">Durante la agresi\u00f3n, los atacantes dijeron pertenecer al Estado Isl\u00e1mico (EI), grupo terrorista que horas m\u00e1s tarde tambi\u00e9n reivindic\u00f3 el hecho.<\/span><\/p>\n<\/p>\n<p><span class=\"text1noticias\">Tras el atentado, buena parte de la comunidad musulmana de Francia mostr\u00f3 su rechazo al suceso y a los cr\u00edmenes cometidos en nombre del Islam.<\/span><\/p>\n<\/p>\n<p><span class=\"text1noticias\">Al respecto, el rector de la Gran Mezquita de Par\u00eds, Dalil Boubakeur, asegur\u00f3 ante la prensa que ese tipo de actos no tienen nada que ver con su religi\u00f3n, y afirm\u00f3 que los musulmanes de Francia los rechazan de la forma m\u00e1s firme.<\/span><\/p>\n<\/p>\n<p><span class=\"text1noticias\">De ah\u00ed que numerosos musulmanes participaron hoy en el funeral de Hamel, como asistieron el domingo \u00faltimo a misas cat\u00f3licas en diversas ciudades del pa\u00eds para rendir homenaje al cura.<\/span><\/p>\n<\/p>\n<p><span class=\"text1noticias\">La ceremonia celebrada esta tarde, a la cual no asisti\u00f3 el presidente Fran\u00e7ois Hollande, se desarroll\u00f3 con extrema sobriedad.<\/span><\/p>\n<\/p>\n<p><span class=\"text1noticias\">Adem\u00e1s de las palabras del arzobispo, varias personas cercanas al sacerdote brindaron testimonio sobre su vida y su dedicaci\u00f3n a la labor de la iglesia, desarrollada durante casi 60 a\u00f1os.<\/span><\/p>\n<\/p>\n<h6> 2016-08-02 14:19:26 <\/h6>\n<p><!--\n<link rel=\"stylesheet\" href=\"css\/bootstrap.min.css\">\n\n\n<ul class=\"pagination\">\n\t    \n\t\n\n<li >\n\t<a href='?page_no=18794'>Previous<\/a>\n\t<\/li>\n\n\n       \n    \n\n<li><a href='?page_no=1'>1<\/a><\/li>\n\n\n\n<li><a href='?page_no=2'>2<\/a><\/li>\n\n\n\n<li><a>...<\/a><\/li>\n\n\n\n<li><a href='?page_no=18793'>18793<\/a><\/li>\n\n\n\n<li><a href='?page_no=18794'>18794<\/a><\/li>\n\n\n\n<li class='active'><a>18795<\/a><\/li>\n\n\n\n<li><a href='?page_no=18796'>18796<\/a><\/li>\n\n\n\n<li><a href='?page_no=18797'>18797<\/a><\/li>\n\n\n\n<li><a>...<\/a><\/li>\n\n\n\n<li><a href='?page_no=51012'>51012<\/a><\/li>\n\n\n\n<li><a href='?page_no=51013'>51013<\/a><\/li>\n\n    \n\t\n\n<li >\n\t<a href='?page_no=18796'>Next<\/a>\n\t<\/li>\n\n\n    \n\n<li><a href='?page_no=51013'>Last &rsaquo;&rsaquo;<\/a><\/li>\n\n<\/ul>\n\n\n--><br \/>\n<\/body><\/p>\n","protected":false},"excerpt":{"rendered":"<p>Par\u00eds, 2 ago (PL) Alrededor de dos mil personas colmaron hoy la catedral de Ru\u00e1n, ciudad del noroeste de Francia, para asistir al funeral del sacerdote Jacques Hamel, asesinado durante un reciente ataque terrorista. Una multitud de cat\u00f3licos, musulmanes y personas de diversas creencias abarrot\u00f3 la iglesia para rendir homenaje al p\u00e1rroco, que al morir [&hellip;]<\/p>\n","protected":false},"author":3,"featured_media":0,"comment_status":"open","ping_status":"open","sticky":false,"template":"","format":"standard","meta":{"footnotes":""},"categories":[23],"tags":[],"class_list":["post-249150","post","type-post","status-publish","format-standard","hentry","category-internacional"],"_links":{"self":[{"href":"https:\/\/diariodominicano.com\/index.php?rest_route=\/wp\/v2\/posts\/249150","targetHints":{"allow":["GET"]}}],"collection":[{"href":"https:\/\/diariodominicano.com\/index.php?rest_route=\/wp\/v2\/posts"}],"about":[{"href":"https:\/\/diariodominicano.com\/index.php?rest_route=\/wp\/v2\/types\/post"}],"author":[{"embeddable":true,"href":"https:\/\/diariodominicano.com\/index.php?rest_route=\/wp\/v2\/users\/3"}],"replies":[{"embeddable":true,"href":"https:\/\/diariodominicano.com\/index.php?rest_route=%2Fwp%2Fv2%2Fcomments&post=249150"}],"version-history":[{"count":0,"href":"https:\/\/diariodominicano.com\/index.php?rest_route=\/wp\/v2\/posts\/249150\/revisions"}],"wp:attachment":[{"href":"https:\/\/diariodominicano.com\/index.php?rest_route=%2Fwp%2Fv2%2Fmedia&parent=249150"}],"wp:term":[{"taxonomy":"category","embeddable":true,"href":"https:\/\/diariodominicano.com\/index.php?rest_route=%2Fwp%2Fv2%2Fcategories&post=249150"},{"taxonomy":"post_tag","embeddable":true,"href":"https:\/\/diariodominicano.com\/index.php?rest_route=%2Fwp%2Fv2%2Ftags&post=249150"}],"curies":[{"name":"wp","href":"https:\/\/api.w.org\/{rel}","templated":true}]}}