{"id":249148,"date":"2016-08-03T08:08:07","date_gmt":"2016-08-03T08:08:07","guid":{"rendered":"http:\/\/diariodominicano.ddns.net\/?p=249148"},"modified":"2016-08-03T08:08:07","modified_gmt":"2016-08-03T08:08:07","slug":"air-france-responde-a-los-empleados-tras-una-semana-de-huelga","status":"publish","type":"post","link":"https:\/\/diariodominicano.com\/?p=249148","title":{"rendered":"Air France responde a los empleados tras una semana de huelga"},"content":{"rendered":"<p><body><\/p>\n<p><img decoding=\"async\" src=\"img3\/air-france3-8.jpg\" \/>  <\/p>\n<p><span class=\"text1noticias\">Par\u00eds, 3 ago (PL) Tras una semana de huelga del personal de cabina, la aerol\u00ednea Air France anunci\u00f3 que mantendr\u00e1 los actuales acuerdos colectivos de trabajo hasta febrero de 2017 para tener m\u00e1s tiempo de negociaci\u00f3n, inform\u00f3 hoy la prensa local.<\/span><\/p>\n<p><span class=\"text1noticias\"> <\/span><\/p>\n<p><span class=\"text1noticias\">Los contratos estaban vigentes hasta octubre pr\u00f3ximo y se decidi\u00f3 extenderlos hasta el a\u00f1o pr\u00f3ximo con el prop\u00f3sito de garantizar m\u00e1s tiempo en los di\u00e1logos dirigidos a acordar las condiciones de la renovaci\u00f3n de dichos convenios.<\/span><\/p>\n<p><span class=\"text1noticias\"> <\/span><\/p>\n<p><span class=\"text1noticias\">\u00abCon el fin de dar todas las posibilidades de \u00e9xito y de disponer de tiempo para negociaciones serias y serenas, el acuerdo colectivo en curso, que expira el 31 de octubre, se mantendr\u00e1 sin ning\u00fan cambio hasta febrero de 2017\u00bb, comunic\u00f3 la empresa a los sindicatos, seg\u00fan public\u00f3 el diario Le Point.<\/span><\/p>\n<p><span class=\"text1noticias\"> <\/span><\/p>\n<p><span class=\"text1noticias\">La compa\u00f1\u00eda agreg\u00f3 que a partir del 24 de agosto comenzar\u00e1n las conversaciones con vistas a la renegociaci\u00f3n de los contratos.<\/span><\/p>\n<p><span class=\"text1noticias\"> <\/span><\/p>\n<p><span class=\"text1noticias\">El motivo de la huelga, que se extendi\u00f3 por una semana y termin\u00f3 ayer, es la renovaci\u00f3n de los convenios que definen las reglas de remuneraci\u00f3n, de trabajo y de carrera del personal de cabina, pues mientras la compa\u00f1\u00eda pretende prorrogarlos por solo 17 meses, los trabajadores defienden un periodo de tres a cinco a\u00f1os.<\/span><\/p>\n<p><span class=\"text1noticias\"> <\/span><\/p>\n<p><span class=\"text1noticias\">Ahora las partes contar\u00e1n con varios meses de negociaci\u00f3n para definir el tema, aunque Air France dej\u00f3 claro que no piensa acceder f\u00e1cilmente a renovar los pactos por un plazo demasiado largo.<\/span><\/p>\n<p><span class=\"text1noticias\"> <\/span><\/p>\n<p><span class=\"text1noticias\">\u00abLa direcci\u00f3n no se comprometer\u00e1 en un periodo de tres a cinco a\u00f1os sin la posibilidad de poder adaptarse, si fuera necesario, a las evoluciones de nuestro entorno\u00bb, indic\u00f3 la empresa.<\/span><\/p>\n<p><span class=\"text1noticias\"> <\/span><\/p>\n<p><span class=\"text1noticias\">A ra\u00edz del paro, la aerol\u00ednea debi\u00f3 cancelar alrededor de mil vuelos, lo que signific\u00f3 p\u00e9rdidas de unos 90 millones de euros, seg\u00fan el director general de la compa\u00f1\u00eda a\u00e9rea, Fr\u00e9d\u00e9ric<\/span> Gagey.<\/p>\n<h6> 2016-08-03 08:08:07 <\/h6>\n<p><!--\n<link rel=\"stylesheet\" href=\"css\/bootstrap.min.css\">\n\n\n<ul class=\"pagination\">\n\t    \n\t\n\n<li >\n\t<a href='?page_no=18792'>Previous<\/a>\n\t<\/li>\n\n\n       \n    \n\n<li><a href='?page_no=1'>1<\/a><\/li>\n\n\n\n<li><a href='?page_no=2'>2<\/a><\/li>\n\n\n\n<li><a>...<\/a><\/li>\n\n\n\n<li><a href='?page_no=18791'>18791<\/a><\/li>\n\n\n\n<li><a href='?page_no=18792'>18792<\/a><\/li>\n\n\n\n<li class='active'><a>18793<\/a><\/li>\n\n\n\n<li><a href='?page_no=18794'>18794<\/a><\/li>\n\n\n\n<li><a href='?page_no=18795'>18795<\/a><\/li>\n\n\n\n<li><a>...<\/a><\/li>\n\n\n\n<li><a href='?page_no=51012'>51012<\/a><\/li>\n\n\n\n<li><a href='?page_no=51013'>51013<\/a><\/li>\n\n    \n\t\n\n<li >\n\t<a href='?page_no=18794'>Next<\/a>\n\t<\/li>\n\n\n    \n\n<li><a href='?page_no=51013'>Last &rsaquo;&rsaquo;<\/a><\/li>\n\n<\/ul>\n\n\n--><br \/>\n<\/body><\/p>\n","protected":false},"excerpt":{"rendered":"<p>Par\u00eds, 3 ago (PL) Tras una semana de huelga del personal de cabina, la aerol\u00ednea Air France anunci\u00f3 que mantendr\u00e1 los actuales acuerdos colectivos de trabajo hasta febrero de 2017 para tener m\u00e1s tiempo de negociaci\u00f3n, inform\u00f3 hoy la prensa local. Los contratos estaban vigentes hasta octubre pr\u00f3ximo y se decidi\u00f3 extenderlos hasta el a\u00f1o [&hellip;]<\/p>\n","protected":false},"author":3,"featured_media":0,"comment_status":"open","ping_status":"open","sticky":false,"template":"","format":"standard","meta":{"footnotes":""},"categories":[23],"tags":[],"class_list":["post-249148","post","type-post","status-publish","format-standard","hentry","category-internacional"],"_links":{"self":[{"href":"https:\/\/diariodominicano.com\/index.php?rest_route=\/wp\/v2\/posts\/249148","targetHints":{"allow":["GET"]}}],"collection":[{"href":"https:\/\/diariodominicano.com\/index.php?rest_route=\/wp\/v2\/posts"}],"about":[{"href":"https:\/\/diariodominicano.com\/index.php?rest_route=\/wp\/v2\/types\/post"}],"author":[{"embeddable":true,"href":"https:\/\/diariodominicano.com\/index.php?rest_route=\/wp\/v2\/users\/3"}],"replies":[{"embeddable":true,"href":"https:\/\/diariodominicano.com\/index.php?rest_route=%2Fwp%2Fv2%2Fcomments&post=249148"}],"version-history":[{"count":0,"href":"https:\/\/diariodominicano.com\/index.php?rest_route=\/wp\/v2\/posts\/249148\/revisions"}],"wp:attachment":[{"href":"https:\/\/diariodominicano.com\/index.php?rest_route=%2Fwp%2Fv2%2Fmedia&parent=249148"}],"wp:term":[{"taxonomy":"category","embeddable":true,"href":"https:\/\/diariodominicano.com\/index.php?rest_route=%2Fwp%2Fv2%2Fcategories&post=249148"},{"taxonomy":"post_tag","embeddable":true,"href":"https:\/\/diariodominicano.com\/index.php?rest_route=%2Fwp%2Fv2%2Ftags&post=249148"}],"curies":[{"name":"wp","href":"https:\/\/api.w.org\/{rel}","templated":true}]}}