{"id":249146,"date":"2016-08-03T08:30:55","date_gmt":"2016-08-03T08:30:55","guid":{"rendered":"http:\/\/diariodominicano.ddns.net\/?p=249146"},"modified":"2016-08-03T08:30:55","modified_gmt":"2016-08-03T08:30:55","slug":"acoge-ecuador-i-cumbre-regional-de-medicinas-ancestrales","status":"publish","type":"post","link":"https:\/\/diariodominicano.com\/?p=249146","title":{"rendered":"Acoge Ecuador I Cumbre Regional de Medicinas Ancestrales"},"content":{"rendered":"<p><body><\/p>\n<p><img decoding=\"async\" src=\"img3\/medicina-ancestral3-8.jpg\" \/>  <\/p>\n<p><span class=\"text1noticias\">Quito, 3 ago (PL) Ecuador acoger\u00e1 la I Cumbre Regional de Medicinas Ancestrales, Espiritualidad e Interculturalidad, prevista los d\u00edas 9 y 10 de agosto, anunciaron hoy organizadores del evento.<\/span><\/p>\n<p><span class=\"text1noticias\"> <\/span><\/p>\n<p><span class=\"text1noticias\">La cita cient\u00edfica-acad\u00e9mica, que se realizar\u00e1 en la Universidad Regional Amaz\u00f3nica Ikiam (provincia Napo), reunir\u00e1 a representantes de todos los pa\u00edses andinos.<\/span><\/p>\n<p><span class=\"text1noticias\"> <\/span><\/p>\n<p><span class=\"text1noticias\">El encuentro tiene como meta fortalecer y posicionar, en el marco constitucional, los saberes, conocimientos y espiritualidad en medicina ancestral, hacia la construcci\u00f3n y aplicaci\u00f3n de la interrelaci\u00f3n entre culturas en el pa\u00eds.<\/span><\/p>\n<p><span class=\"text1noticias\"> <\/span><\/p>\n<p><span class=\"text1noticias\">Los asistentes encontrar\u00e1n oportunidades de an\u00e1lisis y debate de conocimientos tradicionales y pr\u00e1cticas m\u00e9dicas de los ancestros, en conmemoraci\u00f3n del D\u00eda Internacional de los Pueblos Ind\u00edgenas, que se celebra el 9 de agosto.<\/span><\/p>\n<p><span class=\"text1noticias\"> <\/span><\/p>\n<p><span class=\"text1noticias\">El evento pretende impulsar una propuesta de Ley Org\u00e1nica de Medicinas Ancestrales e Interculturalidad, que ser\u00e1 sometida a estudio de sabios, docentes, estudiantes y sociedad en general, indica la convocatoria.<\/span><\/p>\n<p><span class=\"text1noticias\"> <\/span><\/p>\n<p><span class=\"text1noticias\">Por otra parte, busca proponer espacios de autodeterminaci\u00f3n y participaci\u00f3n de los pueblos ind\u00edgenas, para establecer sus formas de organizaci\u00f3n a trav\u00e9s de la creaci\u00f3n de un consejo nacional de hombres y mujeres de sabidur\u00eda, conocedores de estas medicinas.<\/span><\/p>\n<p><span class=\"text1noticias\"> <\/span><\/p>\n<p><span class=\"text1noticias\">La lista de ponentes incluye a la doctora venezolana, Carol Delgado, el representante de la Organizaci\u00f3n Mundial de Salud, Adri\u00e1n D\u00edaz y Ana Mart\u00ednez, de la Red de Universidades.<\/span><\/p>\n<p><span class=\"text1noticias\"> <\/span><\/p>\n<p><span class=\"text1noticias\">Tambi\u00e9n intervendr\u00e1n Yatiri Marcelo Zaiduni Salazar (Bolivia), Mama Agustina Yolanda Tumi\u00f1o (Colombia), Taita Franklin Columba (Ecuador), Patricio Rivas (Chile) y Taita Agust\u00edn Guzm\u00e1n (Per\u00fa).<\/span><\/p>\n<p><span class=\"text1noticias\"> <\/span><\/p>\n<p><span class=\"text1noticias\">Durante los dos d\u00edas de la Cumbre habr\u00e1 charlas magistrales, ceremonias, ritos de sanaci\u00f3n, una feria de plantas medicinales y tratamientos terap\u00e9uticos ance<\/span>strales.<\/p>\n<h6> 2016-08-03 08:30:55 <\/h6>\n<p><!--\n<link rel=\"stylesheet\" href=\"css\/bootstrap.min.css\">\n\n\n<ul class=\"pagination\">\n\t    \n\t\n\n<li >\n\t<a href='?page_no=18790'>Previous<\/a>\n\t<\/li>\n\n\n       \n    \n\n<li><a href='?page_no=1'>1<\/a><\/li>\n\n\n\n<li><a href='?page_no=2'>2<\/a><\/li>\n\n\n\n<li><a>...<\/a><\/li>\n\n\n\n<li><a href='?page_no=18789'>18789<\/a><\/li>\n\n\n\n<li><a href='?page_no=18790'>18790<\/a><\/li>\n\n\n\n<li class='active'><a>18791<\/a><\/li>\n\n\n\n<li><a href='?page_no=18792'>18792<\/a><\/li>\n\n\n\n<li><a href='?page_no=18793'>18793<\/a><\/li>\n\n\n\n<li><a>...<\/a><\/li>\n\n\n\n<li><a href='?page_no=51012'>51012<\/a><\/li>\n\n\n\n<li><a href='?page_no=51013'>51013<\/a><\/li>\n\n    \n\t\n\n<li >\n\t<a href='?page_no=18792'>Next<\/a>\n\t<\/li>\n\n\n    \n\n<li><a href='?page_no=51013'>Last &rsaquo;&rsaquo;<\/a><\/li>\n\n<\/ul>\n\n\n--><br \/>\n<\/body><\/p>\n","protected":false},"excerpt":{"rendered":"<p>Quito, 3 ago (PL) Ecuador acoger\u00e1 la I Cumbre Regional de Medicinas Ancestrales, Espiritualidad e Interculturalidad, prevista los d\u00edas 9 y 10 de agosto, anunciaron hoy organizadores del evento. La cita cient\u00edfica-acad\u00e9mica, que se realizar\u00e1 en la Universidad Regional Amaz\u00f3nica Ikiam (provincia Napo), reunir\u00e1 a representantes de todos los pa\u00edses andinos. El encuentro tiene como [&hellip;]<\/p>\n","protected":false},"author":3,"featured_media":0,"comment_status":"open","ping_status":"open","sticky":false,"template":"","format":"standard","meta":{"footnotes":""},"categories":[23],"tags":[],"class_list":["post-249146","post","type-post","status-publish","format-standard","hentry","category-internacional"],"_links":{"self":[{"href":"https:\/\/diariodominicano.com\/index.php?rest_route=\/wp\/v2\/posts\/249146","targetHints":{"allow":["GET"]}}],"collection":[{"href":"https:\/\/diariodominicano.com\/index.php?rest_route=\/wp\/v2\/posts"}],"about":[{"href":"https:\/\/diariodominicano.com\/index.php?rest_route=\/wp\/v2\/types\/post"}],"author":[{"embeddable":true,"href":"https:\/\/diariodominicano.com\/index.php?rest_route=\/wp\/v2\/users\/3"}],"replies":[{"embeddable":true,"href":"https:\/\/diariodominicano.com\/index.php?rest_route=%2Fwp%2Fv2%2Fcomments&post=249146"}],"version-history":[{"count":0,"href":"https:\/\/diariodominicano.com\/index.php?rest_route=\/wp\/v2\/posts\/249146\/revisions"}],"wp:attachment":[{"href":"https:\/\/diariodominicano.com\/index.php?rest_route=%2Fwp%2Fv2%2Fmedia&parent=249146"}],"wp:term":[{"taxonomy":"category","embeddable":true,"href":"https:\/\/diariodominicano.com\/index.php?rest_route=%2Fwp%2Fv2%2Fcategories&post=249146"},{"taxonomy":"post_tag","embeddable":true,"href":"https:\/\/diariodominicano.com\/index.php?rest_route=%2Fwp%2Fv2%2Ftags&post=249146"}],"curies":[{"name":"wp","href":"https:\/\/api.w.org\/{rel}","templated":true}]}}