{"id":249142,"date":"2016-08-03T11:38:59","date_gmt":"2016-08-03T11:38:59","guid":{"rendered":"http:\/\/diariodominicano.ddns.net\/?p=249142"},"modified":"2016-08-03T11:38:59","modified_gmt":"2016-08-03T11:38:59","slug":"gobierno-frances-busca-integrar-84-mil-efectivos-a-guardia-nacional","status":"publish","type":"post","link":"https:\/\/diariodominicano.com\/?p=249142","title":{"rendered":"Gobierno franc\u00e9s busca integrar 84 mil efectivos a guardia nacional"},"content":{"rendered":"<p><body><\/p>\n<p><img decoding=\"async\" src=\"img3\/francia-gu3-8.jpg\" \/>  <\/p>\n<p><span class=\"text1noticias\">Par\u00eds, 3 ago (PL) El gobierno franc\u00e9s se propone consolidar la guardia nacional reci\u00e9n oficializada por el presidente Fran\u00e7ois Hollande, con la incorporaci\u00f3n gradual de 84 mil efectivos desde ahora hasta el 2019, inform\u00f3 hoy el ministro del Interior, Bernard Cazeneuve.<\/span><\/p>\n<p><span class=\"text1noticias\"> <\/span><\/p>\n<p><span class=\"text1noticias\">Al finalizar el \u00faltimo Consejo de ministros antes del receso por el periodo estival, el titular explic\u00f3 a la prensa que la ampliaci\u00f3n de ese dispositivo tendr\u00e1 lugar de forma precisa y paulatina, con 40 mil uniformados aportados por el ministerio de Defensa y 44 mil por la cartera de Interior.<\/span><\/p>\n<p><span class=\"text1noticias\"> <\/span><\/p>\n<p><span class=\"text1noticias\">Despu\u00e9s del atentado ocurrido en Niza, con un saldo de 84 muertos, el jefe de Estado anunci\u00f3 su decisi\u00f3n de crear la guardia nacional, a partir de las reservas operacionales existentes, con el fin de apoyar a las fuerzas del orden (gendarmer\u00eda y polic\u00eda) a enfrentar la amenaza extremista.<\/span><\/p>\n<p><span class=\"text1noticias\"> <\/span><\/p>\n<p><span class=\"text1noticias\">Por otro lado, Cazeneuve ratific\u00f3 que miles de uniformados se mantendr\u00e1n movilizados en las pr\u00f3ximas semanas para garantizar la seguridad en las actividades festivas del verano, pese a que muchas han quedado suspendidas a ra\u00edz del peligro de atentado.<\/span><\/p>\n<p><span class=\"text1noticias\"> <\/span><\/p>\n<p><span class=\"text1noticias\">En la costera ciudad de La Baule, por ejemplo, la alcald\u00eda suspendi\u00f3 los tradicionales fuegos artificiales que se lanzan el 15 de agosto para \u00abno tomar ning\u00fan riesgo\u00bb, mientras en esta capital qued\u00f3 suspendida la peatonalizaci\u00f3n de la avenida de los Campos El\u00edseos.<\/span><\/p>\n<p><span class=\"text1noticias\"> <\/span><\/p>\n<p><span class=\"text1noticias\">De todas formas, indic\u00f3 el ministro, cuatro mil gendarmes suplementarios y cuatro mil 700 polic\u00edas reservistas ser\u00e1n desplegados para asegurar las festividades que se mantienen, como la playa artificial montada en las orillas del r\u00edo Sena en P<\/span>ar\u00eds.<\/p>\n<h6> 2016-08-03 11:38:59 <\/h6>\n<p><!--\n<link rel=\"stylesheet\" href=\"css\/bootstrap.min.css\">\n\n\n<ul class=\"pagination\">\n\t    \n\t\n\n<li >\n\t<a href='?page_no=18786'>Previous<\/a>\n\t<\/li>\n\n\n       \n    \n\n<li><a href='?page_no=1'>1<\/a><\/li>\n\n\n\n<li><a href='?page_no=2'>2<\/a><\/li>\n\n\n\n<li><a>...<\/a><\/li>\n\n\n\n<li><a href='?page_no=18785'>18785<\/a><\/li>\n\n\n\n<li><a href='?page_no=18786'>18786<\/a><\/li>\n\n\n\n<li class='active'><a>18787<\/a><\/li>\n\n\n\n<li><a href='?page_no=18788'>18788<\/a><\/li>\n\n\n\n<li><a href='?page_no=18789'>18789<\/a><\/li>\n\n\n\n<li><a>...<\/a><\/li>\n\n\n\n<li><a href='?page_no=51012'>51012<\/a><\/li>\n\n\n\n<li><a href='?page_no=51013'>51013<\/a><\/li>\n\n    \n\t\n\n<li >\n\t<a href='?page_no=18788'>Next<\/a>\n\t<\/li>\n\n\n    \n\n<li><a href='?page_no=51013'>Last &rsaquo;&rsaquo;<\/a><\/li>\n\n<\/ul>\n\n\n--><br \/>\n<\/body><\/p>\n","protected":false},"excerpt":{"rendered":"<p>Par\u00eds, 3 ago (PL) El gobierno franc\u00e9s se propone consolidar la guardia nacional reci\u00e9n oficializada por el presidente Fran\u00e7ois Hollande, con la incorporaci\u00f3n gradual de 84 mil efectivos desde ahora hasta el 2019, inform\u00f3 hoy el ministro del Interior, Bernard Cazeneuve. Al finalizar el \u00faltimo Consejo de ministros antes del receso por el periodo estival, [&hellip;]<\/p>\n","protected":false},"author":3,"featured_media":0,"comment_status":"open","ping_status":"open","sticky":false,"template":"","format":"standard","meta":{"footnotes":""},"categories":[23],"tags":[],"class_list":["post-249142","post","type-post","status-publish","format-standard","hentry","category-internacional"],"_links":{"self":[{"href":"https:\/\/diariodominicano.com\/index.php?rest_route=\/wp\/v2\/posts\/249142","targetHints":{"allow":["GET"]}}],"collection":[{"href":"https:\/\/diariodominicano.com\/index.php?rest_route=\/wp\/v2\/posts"}],"about":[{"href":"https:\/\/diariodominicano.com\/index.php?rest_route=\/wp\/v2\/types\/post"}],"author":[{"embeddable":true,"href":"https:\/\/diariodominicano.com\/index.php?rest_route=\/wp\/v2\/users\/3"}],"replies":[{"embeddable":true,"href":"https:\/\/diariodominicano.com\/index.php?rest_route=%2Fwp%2Fv2%2Fcomments&post=249142"}],"version-history":[{"count":0,"href":"https:\/\/diariodominicano.com\/index.php?rest_route=\/wp\/v2\/posts\/249142\/revisions"}],"wp:attachment":[{"href":"https:\/\/diariodominicano.com\/index.php?rest_route=%2Fwp%2Fv2%2Fmedia&parent=249142"}],"wp:term":[{"taxonomy":"category","embeddable":true,"href":"https:\/\/diariodominicano.com\/index.php?rest_route=%2Fwp%2Fv2%2Fcategories&post=249142"},{"taxonomy":"post_tag","embeddable":true,"href":"https:\/\/diariodominicano.com\/index.php?rest_route=%2Fwp%2Fv2%2Ftags&post=249142"}],"curies":[{"name":"wp","href":"https:\/\/api.w.org\/{rel}","templated":true}]}}