{"id":249141,"date":"2016-08-03T13:28:26","date_gmt":"2016-08-03T13:28:26","guid":{"rendered":"http:\/\/diariodominicano.ddns.net\/?p=249141"},"modified":"2016-08-03T13:28:26","modified_gmt":"2016-08-03T13:28:26","slug":"naciones-unidas-advierte-posible-escalada-violenta-en-ucrania","status":"publish","type":"post","link":"https:\/\/diariodominicano.com\/?p=249141","title":{"rendered":"&#13;Naciones Unidas advierte posible escalada violenta en Ucrania"},"content":{"rendered":"<p><body><\/p>\n<p><img decoding=\"async\" src=\"img3\/ucrania-bombardeoslavianks.jpg\" \/>  <\/p>\n<\/p>\n<p><span class=\"text1noticias\">  <\/span><\/p>\n<p><span class=\"text1noticias\">Naciones Unidas, 3 ago (PL) Naciones Unidas (ONU) advirti\u00f3 hoy de una posible escalada de las tensiones en el este de Ucrania, donde la situaci\u00f3n se mantiene inestable y con un impacto severo sobre los derechos humanos en la zona.<\/span><\/p>\n<\/p>\n<p><span class=\"text1noticias\">La cifra de bajas civiles en la zona oriental de Ucrania se dispar\u00f3 en los meses de junio y julio, lo que provoc\u00f3 que la oficina de Derechos Humanos de la ONU pidiera a las partes en conflicto que la protecci\u00f3n de los civiles se convierta en una prioridad y se adopten medidas urgentes para desacelerar la tensa situaci\u00f3n.<\/span><\/p>\n<\/p>\n<p><span class=\"text1noticias\">En un comunicado difundido aqu\u00ed, el Alto Comisionado de la ONU para los Derechos Humanos, Zeid Ra&#8217;ad Al Hussein, reconoci\u00f3 que \u00abla escalada en las hostilidades y las bajas civiles que se producen en el este de Ucrania en los \u00faltimos dos meses es muy preocupante\u00bb.<\/span><\/p>\n<\/p>\n<p><span class=\"text1noticias\">La Oficina del Alto Comisionado de la ONU (Acnudh) document\u00f3 69 v\u00edctimas civiles en junio de 2016, incluyendo 12 muertos y 57 heridos, y en julio el saldo fue de 73 civiles, incluyendo ocho fallecidos y 65 lesionados, la cifra m\u00e1s alta desde agosto de 2015.<\/span><\/p>\n<\/p>\n<p><span class=\"text1noticias\">El promedio de 71 para estos dos meses, fue m\u00e1s del doble del promedio mensual de 34 a partir de septiembre 2015 a de mayo de de 2016.<\/span><\/p>\n<\/p>\n<p><span class=\"text1noticias\">Zeid reconoci\u00f3 adem\u00e1s que las bajas documentadas en las \u00faltimas semanas sugieren que ni las fuerzas ucranianas ni los grupos armados est\u00e1n tomando las precauciones necesarias para proteger a los civiles.<\/span><\/p>\n<\/p>\n<p><span class=\"text1noticias\">A su vez, el Alto Comisionado inst\u00f3 a todas las partes en conflicto a respetar las disposiciones del alto el fuego para eliminar las fuerzas beligerantes y el despliegue de armas en las zonas pobladas por civiles, y que se apliquen escrupulosamente las disposiciones previstas en los acuerdos de Minsk.<\/span><\/p>\n<\/p>\n<p><span class=\"text1noticias\">Seg\u00fan informes de la ONU, m\u00e1s de la mitad de las v\u00edctimas registradas en los \u00faltimos dos meses fueron causadas por los bombardeos.<\/span><\/p>\n<\/p>\n<p><span class=\"text1noticias\">Entre el 1 de junio y el 31 de julio de 2016, 72 civiles resultaron heridos y seis muertos por los bombardeos, incluyendo v\u00edctimas a consecuencia del empleo de armas prohibidas por los acuerdos de Minsk, entre ellas minas, explosivos de guerra, armas-trampa y artefactos explosivos improvisados.<\/span><\/p>\n<\/p>\n<p><span class=\"text1noticias\">Desde mediados de abril de 2014 hasta el 31 de julio de 2016, la oficina de Derechos Humanos de la ONU document\u00f3 31 mil 690 v\u00edctimas, incluyendo nueve mil 553 muertos y 22 mil 137 heridos en la zona de conflicto en el este de Ucrania.<\/span><\/p>\n<h6> 2016-08-03 13:28:26 <\/h6>\n<p><!--\n<link rel=\"stylesheet\" href=\"css\/bootstrap.min.css\">\n\n\n<ul class=\"pagination\">\n\t    \n\t\n\n<li >\n\t<a href='?page_no=18785'>Previous<\/a>\n\t<\/li>\n\n\n       \n    \n\n<li><a href='?page_no=1'>1<\/a><\/li>\n\n\n\n<li><a href='?page_no=2'>2<\/a><\/li>\n\n\n\n<li><a>...<\/a><\/li>\n\n\n\n<li><a href='?page_no=18784'>18784<\/a><\/li>\n\n\n\n<li><a href='?page_no=18785'>18785<\/a><\/li>\n\n\n\n<li class='active'><a>18786<\/a><\/li>\n\n\n\n<li><a href='?page_no=18787'>18787<\/a><\/li>\n\n\n\n<li><a href='?page_no=18788'>18788<\/a><\/li>\n\n\n\n<li><a>...<\/a><\/li>\n\n\n\n<li><a href='?page_no=51012'>51012<\/a><\/li>\n\n\n\n<li><a href='?page_no=51013'>51013<\/a><\/li>\n\n    \n\t\n\n<li >\n\t<a href='?page_no=18787'>Next<\/a>\n\t<\/li>\n\n\n    \n\n<li><a href='?page_no=51013'>Last &rsaquo;&rsaquo;<\/a><\/li>\n\n<\/ul>\n\n\n--><br \/>\n<\/body><\/p>\n","protected":false},"excerpt":{"rendered":"<p>Naciones Unidas, 3 ago (PL) Naciones Unidas (ONU) advirti\u00f3 hoy de una posible escalada de las tensiones en el este de Ucrania, donde la situaci\u00f3n se mantiene inestable y con un impacto severo sobre los derechos humanos en la zona. La cifra de bajas civiles en la zona oriental de Ucrania se dispar\u00f3 en los [&hellip;]<\/p>\n","protected":false},"author":3,"featured_media":0,"comment_status":"open","ping_status":"open","sticky":false,"template":"","format":"standard","meta":{"footnotes":""},"categories":[23],"tags":[],"class_list":["post-249141","post","type-post","status-publish","format-standard","hentry","category-internacional"],"_links":{"self":[{"href":"https:\/\/diariodominicano.com\/index.php?rest_route=\/wp\/v2\/posts\/249141","targetHints":{"allow":["GET"]}}],"collection":[{"href":"https:\/\/diariodominicano.com\/index.php?rest_route=\/wp\/v2\/posts"}],"about":[{"href":"https:\/\/diariodominicano.com\/index.php?rest_route=\/wp\/v2\/types\/post"}],"author":[{"embeddable":true,"href":"https:\/\/diariodominicano.com\/index.php?rest_route=\/wp\/v2\/users\/3"}],"replies":[{"embeddable":true,"href":"https:\/\/diariodominicano.com\/index.php?rest_route=%2Fwp%2Fv2%2Fcomments&post=249141"}],"version-history":[{"count":0,"href":"https:\/\/diariodominicano.com\/index.php?rest_route=\/wp\/v2\/posts\/249141\/revisions"}],"wp:attachment":[{"href":"https:\/\/diariodominicano.com\/index.php?rest_route=%2Fwp%2Fv2%2Fmedia&parent=249141"}],"wp:term":[{"taxonomy":"category","embeddable":true,"href":"https:\/\/diariodominicano.com\/index.php?rest_route=%2Fwp%2Fv2%2Fcategories&post=249141"},{"taxonomy":"post_tag","embeddable":true,"href":"https:\/\/diariodominicano.com\/index.php?rest_route=%2Fwp%2Fv2%2Ftags&post=249141"}],"curies":[{"name":"wp","href":"https:\/\/api.w.org\/{rel}","templated":true}]}}