{"id":249140,"date":"2016-08-03T13:32:20","date_gmt":"2016-08-03T13:32:20","guid":{"rendered":"http:\/\/diariodominicano.ddns.net\/?p=249140"},"modified":"2016-08-03T13:32:20","modified_gmt":"2016-08-03T13:32:20","slug":"siria-denuncia-en-onu-sufrimiento-de-los-ninos-a-causa-de-la-guerra","status":"publish","type":"post","link":"https:\/\/diariodominicano.com\/?p=249140","title":{"rendered":"&#13;Siria denuncia en ONU sufrimiento de los ni\u00f1os a causa de la guerra"},"content":{"rendered":"<p><body><\/p>\n<p><img decoding=\"async\" src=\"img3\/siria-ninos.jpg\" \/>  <\/p>\n<p><span class=\"text1noticias\">  <\/span><\/p>\n<p><span class=\"text1noticias\">Naciones Unidas, 3 ago (PL) El embajador permanente de Siria ante la Organizaci\u00f3n de las Naciones Unidas (ONU), Bashar al-Jafari, denunci\u00f3 ante el Consejo de Seguridad el sufrimiento de los ni\u00f1os de su pa\u00eds, a consecuencia de la acci\u00f3n de las bandas terroristas.<\/span><\/p>\n<\/p>\n<p><span class=\"text1noticias\">Al-Jafari subray\u00f3 la v\u00edspera, la necesidad de realizar una profunda investigaci\u00f3n que esclarezca el secuestro de cientos de ni\u00f1os sirios a manos de grupos terroristas, que cuentan con el apoyo de varios pa\u00edses extranjeros.<\/span><\/p>\n<\/p>\n<p><span class=\"text1noticias\">El diplom\u00e1tico sirio hizo alusi\u00f3n al tema, despu\u00e9s que el m\u00e1ximo \u00f3rgano internacional difundiera recientemente un informe sobre los ni\u00f1os y los conflictos armados.<\/span><\/p>\n<\/p>\n<p><span class=\"text1noticias\">El representante de Damasco ante Naciones Unidas llam\u00f3 la atenci\u00f3n que este informe difundido por la ONU \u00abignore por competo el sufrimiento que viven los ni\u00f1os en los altos de Gol\u00e1n sirio debido a las condiciones forzadas e impuestas por la ocupaci\u00f3n israel\u00ed\u00bb.<\/span><\/p>\n<\/p>\n<p><span class=\"text1noticias\">\u00abLas autoridades del r\u00e9gimen israel\u00ed -subray\u00f3 al-Jafari- contin\u00faan la detenci\u00f3n arbitraria de ciudadanos sirios y el robo de los recursos naturales en las alturas del Gol\u00e1n, haciendo caso omiso a las leg\u00edtimas decisiones internacionales\u00bb.<\/span><\/p>\n<\/p>\n<p><span class=\"text1noticias\">El diplom\u00e1tico critic\u00f3 adem\u00e1s la negligencia de la ONU ante el funcionamiento del Centro de Operaciones Militares (MOC), instalado en la ciudad jordana de al-Karak, desde donde se fragua y organiza parte de la agresi\u00f3n contra el pueblo sirio.<\/span><\/p>\n<\/p>\n<p><span class=\"text1noticias\">Este centro, destac\u00f3 al-Jafari, cuenta con la asesor\u00eda de varios servicios de inteligencia \u00e1rabes y extranjeros, y desde \u00e9l se movilizan miles de individuos -bajo el nombre de \u00aboposici\u00f3n moderada\u00bb- para desatar el terror y la violencia contra los ni\u00f1os y la poblaci\u00f3n siria.<\/span><\/p>\n<\/p>\n<p><span class=\"text1noticias\">El gobierno de Damasco reiter\u00f3, a trav\u00e9s de su representante permanente en la ONU, su denuncia a varios pa\u00edses de la regi\u00f3n, incluidos Arabia Saudita, Qatar y Turqu\u00eda, de financiar a los grupos terroristas que intentan derrocar al gobierno presidido por Bashar al-Assad.<\/span><\/p>\n<\/p>\n<h6> 2016-08-03 13:32:20 <\/h6>\n<p><!--\n<link rel=\"stylesheet\" href=\"css\/bootstrap.min.css\">\n\n\n<ul class=\"pagination\">\n\t    \n\t\n\n<li >\n\t<a href='?page_no=18784'>Previous<\/a>\n\t<\/li>\n\n\n       \n    \n\n<li><a href='?page_no=1'>1<\/a><\/li>\n\n\n\n<li><a href='?page_no=2'>2<\/a><\/li>\n\n\n\n<li><a>...<\/a><\/li>\n\n\n\n<li><a href='?page_no=18783'>18783<\/a><\/li>\n\n\n\n<li><a href='?page_no=18784'>18784<\/a><\/li>\n\n\n\n<li class='active'><a>18785<\/a><\/li>\n\n\n\n<li><a href='?page_no=18786'>18786<\/a><\/li>\n\n\n\n<li><a href='?page_no=18787'>18787<\/a><\/li>\n\n\n\n<li><a>...<\/a><\/li>\n\n\n\n<li><a href='?page_no=51012'>51012<\/a><\/li>\n\n\n\n<li><a href='?page_no=51013'>51013<\/a><\/li>\n\n    \n\t\n\n<li >\n\t<a href='?page_no=18786'>Next<\/a>\n\t<\/li>\n\n\n    \n\n<li><a href='?page_no=51013'>Last &rsaquo;&rsaquo;<\/a><\/li>\n\n<\/ul>\n\n\n--><br \/>\n<\/body><\/p>\n","protected":false},"excerpt":{"rendered":"<p>Naciones Unidas, 3 ago (PL) El embajador permanente de Siria ante la Organizaci\u00f3n de las Naciones Unidas (ONU), Bashar al-Jafari, denunci\u00f3 ante el Consejo de Seguridad el sufrimiento de los ni\u00f1os de su pa\u00eds, a consecuencia de la acci\u00f3n de las bandas terroristas. Al-Jafari subray\u00f3 la v\u00edspera, la necesidad de realizar una profunda investigaci\u00f3n que [&hellip;]<\/p>\n","protected":false},"author":3,"featured_media":0,"comment_status":"open","ping_status":"open","sticky":false,"template":"","format":"standard","meta":{"footnotes":""},"categories":[23],"tags":[],"class_list":["post-249140","post","type-post","status-publish","format-standard","hentry","category-internacional"],"_links":{"self":[{"href":"https:\/\/diariodominicano.com\/index.php?rest_route=\/wp\/v2\/posts\/249140","targetHints":{"allow":["GET"]}}],"collection":[{"href":"https:\/\/diariodominicano.com\/index.php?rest_route=\/wp\/v2\/posts"}],"about":[{"href":"https:\/\/diariodominicano.com\/index.php?rest_route=\/wp\/v2\/types\/post"}],"author":[{"embeddable":true,"href":"https:\/\/diariodominicano.com\/index.php?rest_route=\/wp\/v2\/users\/3"}],"replies":[{"embeddable":true,"href":"https:\/\/diariodominicano.com\/index.php?rest_route=%2Fwp%2Fv2%2Fcomments&post=249140"}],"version-history":[{"count":0,"href":"https:\/\/diariodominicano.com\/index.php?rest_route=\/wp\/v2\/posts\/249140\/revisions"}],"wp:attachment":[{"href":"https:\/\/diariodominicano.com\/index.php?rest_route=%2Fwp%2Fv2%2Fmedia&parent=249140"}],"wp:term":[{"taxonomy":"category","embeddable":true,"href":"https:\/\/diariodominicano.com\/index.php?rest_route=%2Fwp%2Fv2%2Fcategories&post=249140"},{"taxonomy":"post_tag","embeddable":true,"href":"https:\/\/diariodominicano.com\/index.php?rest_route=%2Fwp%2Fv2%2Ftags&post=249140"}],"curies":[{"name":"wp","href":"https:\/\/api.w.org\/{rel}","templated":true}]}}