{"id":249138,"date":"2016-08-04T08:16:45","date_gmt":"2016-08-04T08:16:45","guid":{"rendered":"http:\/\/diariodominicano.ddns.net\/?p=249138"},"modified":"2016-08-04T08:16:45","modified_gmt":"2016-08-04T08:16:45","slug":"prisionero-toma-como-rehen-guardia-en-una-carcel-de-francia","status":"publish","type":"post","link":"https:\/\/diariodominicano.com\/?p=249138","title":{"rendered":"Prisionero toma como reh\u00e9n guardia en una c\u00e1rcel de Francia"},"content":{"rendered":"<p><body><\/p>\n<p><span class=\"text1noticias\"> <\/span><\/p>\n<p><span class=\"text1noticias\">Par\u00eds, 4 ago (PL) Un prisionero tom\u00f3 hoy como reh\u00e9n a un guardia en una c\u00e1rcel del oeste de Francia, al parecer con el objetivo de exigir que lo cambien de centro penitenciario.<\/span><\/p>\n<p><span class=\"text1noticias\"> <\/span><\/p>\n<p><span class=\"text1noticias\">De acuerdo con un comunicado del ministerio de Justicia, el hecho ocurri\u00f3 al filo del mediod\u00eda en la c\u00e1rcel de Mans y la Direcci\u00f3n de Administraci\u00f3n Penitenciaria activ\u00f3 una c\u00e9lula de crisis.<\/span><\/p>\n<p><span class=\"text1noticias\"> <\/span><\/p>\n<p><span class=\"text1noticias\">El texto a\u00f1adi\u00f3 que se tomaron todas las medidas previstas para el caso: las autoridades judiciales de la ciudad de Rennes fueron movilizadas, as\u00ed como los equipos regionales de intervenci\u00f3n en prisiones.<\/span><\/p>\n<p><span class=\"text1noticias\"> <\/span><\/p>\n<p><span class=\"text1noticias\">Seg\u00fan la cadena de televisi\u00f3n BFMTV, el objetivo del autor del hecho es reclamar que lo cambien de prisi\u00f3n, y adem\u00e1s del vigilante, tambi\u00e9n tom\u00f3 como reh\u00e9n a otro pr<\/span>eso.<\/p>\n<h6> 2016-08-04 08:16:45 <\/h6>\n<p><!--\n<link rel=\"stylesheet\" href=\"css\/bootstrap.min.css\">\n\n\n<ul class=\"pagination\">\n\t    \n\t\n\n<li >\n\t<a href='?page_no=18782'>Previous<\/a>\n\t<\/li>\n\n\n       \n    \n\n<li><a href='?page_no=1'>1<\/a><\/li>\n\n\n\n<li><a href='?page_no=2'>2<\/a><\/li>\n\n\n\n<li><a>...<\/a><\/li>\n\n\n\n<li><a href='?page_no=18781'>18781<\/a><\/li>\n\n\n\n<li><a href='?page_no=18782'>18782<\/a><\/li>\n\n\n\n<li class='active'><a>18783<\/a><\/li>\n\n\n\n<li><a href='?page_no=18784'>18784<\/a><\/li>\n\n\n\n<li><a href='?page_no=18785'>18785<\/a><\/li>\n\n\n\n<li><a>...<\/a><\/li>\n\n\n\n<li><a href='?page_no=51012'>51012<\/a><\/li>\n\n\n\n<li><a href='?page_no=51013'>51013<\/a><\/li>\n\n    \n\t\n\n<li >\n\t<a href='?page_no=18784'>Next<\/a>\n\t<\/li>\n\n\n    \n\n<li><a href='?page_no=51013'>Last &rsaquo;&rsaquo;<\/a><\/li>\n\n<\/ul>\n\n\n--><br \/>\n<\/body><\/p>\n","protected":false},"excerpt":{"rendered":"<p>Par\u00eds, 4 ago (PL) Un prisionero tom\u00f3 hoy como reh\u00e9n a un guardia en una c\u00e1rcel del oeste de Francia, al parecer con el objetivo de exigir que lo cambien de centro penitenciario. De acuerdo con un comunicado del ministerio de Justicia, el hecho ocurri\u00f3 al filo del mediod\u00eda en la c\u00e1rcel de Mans y [&hellip;]<\/p>\n","protected":false},"author":3,"featured_media":0,"comment_status":"open","ping_status":"open","sticky":false,"template":"","format":"standard","meta":{"footnotes":""},"categories":[23],"tags":[],"class_list":["post-249138","post","type-post","status-publish","format-standard","hentry","category-internacional"],"_links":{"self":[{"href":"https:\/\/diariodominicano.com\/index.php?rest_route=\/wp\/v2\/posts\/249138","targetHints":{"allow":["GET"]}}],"collection":[{"href":"https:\/\/diariodominicano.com\/index.php?rest_route=\/wp\/v2\/posts"}],"about":[{"href":"https:\/\/diariodominicano.com\/index.php?rest_route=\/wp\/v2\/types\/post"}],"author":[{"embeddable":true,"href":"https:\/\/diariodominicano.com\/index.php?rest_route=\/wp\/v2\/users\/3"}],"replies":[{"embeddable":true,"href":"https:\/\/diariodominicano.com\/index.php?rest_route=%2Fwp%2Fv2%2Fcomments&post=249138"}],"version-history":[{"count":0,"href":"https:\/\/diariodominicano.com\/index.php?rest_route=\/wp\/v2\/posts\/249138\/revisions"}],"wp:attachment":[{"href":"https:\/\/diariodominicano.com\/index.php?rest_route=%2Fwp%2Fv2%2Fmedia&parent=249138"}],"wp:term":[{"taxonomy":"category","embeddable":true,"href":"https:\/\/diariodominicano.com\/index.php?rest_route=%2Fwp%2Fv2%2Fcategories&post=249138"},{"taxonomy":"post_tag","embeddable":true,"href":"https:\/\/diariodominicano.com\/index.php?rest_route=%2Fwp%2Fv2%2Ftags&post=249138"}],"curies":[{"name":"wp","href":"https:\/\/api.w.org\/{rel}","templated":true}]}}