{"id":249130,"date":"2016-08-04T12:04:46","date_gmt":"2016-08-04T12:04:46","guid":{"rendered":"http:\/\/diariodominicano.ddns.net\/?p=249130"},"modified":"2016-08-04T12:04:46","modified_gmt":"2016-08-04T12:04:46","slug":"propone-argentina-presidencia-colegiada-en-mercosur","status":"publish","type":"post","link":"https:\/\/diariodominicano.com\/?p=249130","title":{"rendered":"Propone Argentina \u00abpresidencia colegiada\u00bb en Mercosur"},"content":{"rendered":"<p><body><\/p>\n<p><img decoding=\"async\" src=\"img3\/mercosur4-8.jpg\" \/>  <\/p>\n<p><span class=\"text1noticias\">Buenos Aires, 4 ago (PL) En lo que analistas pol\u00edticos aqu\u00ed interpretan como un golpe bajo a Venezuela, Argentina impulsa hoy la propuesta de crear una \u00abpresidencia colegiada\u00bb en el Mercosur cuando esta, por norma, le corresponde a Caracas.<\/span><\/p>\n<p><span class=\"text1noticias\"> <\/span><\/p>\n<p><span class=\"text1noticias\">Montevideo es este jueves sede de una reuni\u00f3n ministerial con la ausencia venezolana en la que el gobierno de Mauricio Macri promover\u00e1 la idea ante los de Paraguay y Uruguay y las autoridades interinas de Brasil, confirma la agencia de noticias T\u00e9lam.<\/span><\/p>\n<p><span class=\"text1noticias\"> <\/span><\/p>\n<p><span class=\"text1noticias\">Seg\u00fan una fuente de la Canciller\u00eda citada por T\u00e9lam, la administraci\u00f3n argentina presenta su propuesta como una manera para rescatar al bloque sudamericano de la par\u00e1lisis en que se encuentra por la f\u00e9rrea oposici\u00f3n de los gobernantes de Brasil y Paraguay a aceptar que la conducci\u00f3n sea asumida por Venezuela.<\/span><\/p>\n<p><span class=\"text1noticias\"> <\/span><\/p>\n<p><span class=\"text1noticias\">Acorde con los estatutos de ese mecanismo regional, a Caracas le correspondi\u00f3 ocupar su titularidad pro-t\u00e9mpore -por seis meses- hasta fin de a\u00f1o una vez que Uruguay terminara su turno, el cual se rota alfab\u00e9ticamente.<\/span><\/p>\n<p><span class=\"text1noticias\"> <\/span><\/p>\n<p><span class=\"text1noticias\">El viernes pasado el gobierno de Tabar\u00e9 V\u00e1zquez puso fin a su mandato y Venezuela anunci\u00f3 que seg\u00fan establecen las normas tomaba la batuta de forma autom\u00e1tica, a lo que inmediatamente se opusieron desde Brasilia y Asunci\u00f3n.<\/span><\/p>\n<p><span class=\"text1noticias\"> <\/span><\/p>\n<p><span class=\"text1noticias\">Seg\u00fan dijeron a T\u00e9lam fuentes de la Canciller\u00eda, la propuesta argentina de una \u00abpresidencia colegiada\u00bb que integrar\u00edan diplom\u00e1ticos fue r\u00e1pida y p\u00fablicamente por el gobierno interino de Brasil, mientras encontr\u00f3 buena acogida en las representaciones de Paraguay y Uruguay.<\/span><\/p>\n<p><span class=\"text1noticias\"> <\/span><\/p>\n<p><span class=\"text1noticias\">Esa idea y otras ser\u00e1n discutidas este jueves en Montevideo por representantes de los cuatro socios fundadores del Mercosur (Argentina, Brasil, Paraguay y Uruguay), dijo en Asunci\u00f3n el canciller paraguayo, Eladio Loizaga.<\/span><\/p>\n<p><span class=\"text1noticias\"> <\/span><\/p>\n<p><span class=\"text1noticias\">El ministro paraguayo incluso manifest\u00f3 que \u00abquiz\u00e1 podemos ir revisando el protocolo de adhesi\u00f3n de Venezuela para subsanar esta situaci\u00f3n y podr\u00eda tranquilamente seguirse el orden alfab\u00e9tico y Argentina tomar la presidencia\u00bb.<\/span><\/p>\n<p><span class=\"text1noticias\"> <\/span><\/p>\n<p><span class=\"text1noticias\">Por su parte, el gobierno venezolano acus\u00f3 a Argentina, Brasil y Paraguay de conformar una \u00abTriple Alianza\u00bb en su contra y cuestion\u00f3 fuertemente el rechazo de sus gobiernos a reconocer su derecho como presidente pro t\u00e9mpore del Mercosur.<\/span><\/p>\n<p><span class=\"text1noticias\"> <\/span><\/p>\n<p><span class=\"text1noticias\">La canciller Delcy Rodr\u00edguez critic\u00f3 tambi\u00e9n a su par argentina, Susana Malcorra, por abandonar la postura que aparent\u00f3 mantener todo este tiempo de una posici\u00f3n jur\u00eddica intermedia.<\/span><\/p>\n<p><span class=\"text1noticias\"> <\/span><\/p>\n<p><span class=\"text1noticias\">\u00abNos preocupa c\u00f3mo la canciller Malcorra, que pretende ser secretaria general de las Naciones Unidas, irrespeta tratados internacionales\u00bb, apunt\u00f3 Rodr\u00edguez en referencia a la propuesta de \u00abpresidencia colegiada\u00bb de <\/span>Argentina.<\/p>\n<h6> 2016-08-04 12:04:46 <\/h6>\n<p><!--\n<link rel=\"stylesheet\" href=\"css\/bootstrap.min.css\">\n\n\n<ul class=\"pagination\">\n\t    \n\t\n\n<li >\n\t<a href='?page_no=18774'>Previous<\/a>\n\t<\/li>\n\n\n       \n    \n\n<li><a href='?page_no=1'>1<\/a><\/li>\n\n\n\n<li><a href='?page_no=2'>2<\/a><\/li>\n\n\n\n<li><a>...<\/a><\/li>\n\n\n\n<li><a href='?page_no=18773'>18773<\/a><\/li>\n\n\n\n<li><a href='?page_no=18774'>18774<\/a><\/li>\n\n\n\n<li class='active'><a>18775<\/a><\/li>\n\n\n\n<li><a href='?page_no=18776'>18776<\/a><\/li>\n\n\n\n<li><a href='?page_no=18777'>18777<\/a><\/li>\n\n\n\n<li><a>...<\/a><\/li>\n\n\n\n<li><a href='?page_no=51012'>51012<\/a><\/li>\n\n\n\n<li><a href='?page_no=51013'>51013<\/a><\/li>\n\n    \n\t\n\n<li >\n\t<a href='?page_no=18776'>Next<\/a>\n\t<\/li>\n\n\n    \n\n<li><a href='?page_no=51013'>Last &rsaquo;&rsaquo;<\/a><\/li>\n\n<\/ul>\n\n\n--><br \/>\n<\/body><\/p>\n","protected":false},"excerpt":{"rendered":"<p>Buenos Aires, 4 ago (PL) En lo que analistas pol\u00edticos aqu\u00ed interpretan como un golpe bajo a Venezuela, Argentina impulsa hoy la propuesta de crear una \u00abpresidencia colegiada\u00bb en el Mercosur cuando esta, por norma, le corresponde a Caracas. Montevideo es este jueves sede de una reuni\u00f3n ministerial con la ausencia venezolana en la que [&hellip;]<\/p>\n","protected":false},"author":3,"featured_media":0,"comment_status":"open","ping_status":"open","sticky":false,"template":"","format":"standard","meta":{"footnotes":""},"categories":[23],"tags":[],"class_list":["post-249130","post","type-post","status-publish","format-standard","hentry","category-internacional"],"_links":{"self":[{"href":"https:\/\/diariodominicano.com\/index.php?rest_route=\/wp\/v2\/posts\/249130","targetHints":{"allow":["GET"]}}],"collection":[{"href":"https:\/\/diariodominicano.com\/index.php?rest_route=\/wp\/v2\/posts"}],"about":[{"href":"https:\/\/diariodominicano.com\/index.php?rest_route=\/wp\/v2\/types\/post"}],"author":[{"embeddable":true,"href":"https:\/\/diariodominicano.com\/index.php?rest_route=\/wp\/v2\/users\/3"}],"replies":[{"embeddable":true,"href":"https:\/\/diariodominicano.com\/index.php?rest_route=%2Fwp%2Fv2%2Fcomments&post=249130"}],"version-history":[{"count":0,"href":"https:\/\/diariodominicano.com\/index.php?rest_route=\/wp\/v2\/posts\/249130\/revisions"}],"wp:attachment":[{"href":"https:\/\/diariodominicano.com\/index.php?rest_route=%2Fwp%2Fv2%2Fmedia&parent=249130"}],"wp:term":[{"taxonomy":"category","embeddable":true,"href":"https:\/\/diariodominicano.com\/index.php?rest_route=%2Fwp%2Fv2%2Fcategories&post=249130"},{"taxonomy":"post_tag","embeddable":true,"href":"https:\/\/diariodominicano.com\/index.php?rest_route=%2Fwp%2Fv2%2Ftags&post=249130"}],"curies":[{"name":"wp","href":"https:\/\/api.w.org\/{rel}","templated":true}]}}