{"id":249129,"date":"2016-08-04T12:30:18","date_gmt":"2016-08-04T12:30:18","guid":{"rendered":"http:\/\/diariodominicano.ddns.net\/?p=249129"},"modified":"2016-08-04T12:30:18","modified_gmt":"2016-08-04T12:30:18","slug":"encuesta-destaca-liderazgo-de-evo-morales-en-bolivia","status":"publish","type":"post","link":"https:\/\/diariodominicano.com\/?p=249129","title":{"rendered":"Encuesta destaca liderazgo de Evo Morales en Bolivia"},"content":{"rendered":"<p><body><\/p>\n<p><img decoding=\"async\" src=\"img3\/bol-evo.jpg\" \/>  <\/p>\n<p><span class=\"text1noticias\">La Paz, 4 ago (PL) La gesti\u00f3n del presidente de Bolivia, Evo Morales, alcanz\u00f3 un 51.3 por ciento de aprobaci\u00f3n en el eje central del pa\u00eds, integrado por La Paz, Cochabamba, Santa Cruz y El Alto, revela hoy una encuesta.<\/span><\/p>\n<p><span class=\"text1noticias\"> <\/span><\/p>\n<p><span class=\"text1noticias\">De acuerdo con la pesquisa realizada por la revista Poder y Placer, tal resultado muestra un repunte con relaci\u00f3n a meses anteriores.<\/span><\/p>\n<p><span class=\"text1noticias\"> <\/span><\/p>\n<p><span class=\"text1noticias\">Al respecto, el vicepresidente de Bolivia, \u00c1lvaro Garc\u00eda Linera, subray\u00f3 que la pesquisa demuestra el liderazgo hist\u00f3rico del jefe de Estado.<\/span><\/p>\n<p><span class=\"text1noticias\"> <\/span><\/p>\n<p><span class=\"text1noticias\">Es una encuesta realizada en medio de la campa\u00f1a medi\u00e1tica m\u00e1s agresiva y virulenta que existi\u00f3 en la historia pol\u00edtica de este pa\u00eds, subray\u00f3 Garc\u00eda Linera.<\/span><\/p>\n<p><span class=\"text1noticias\"> <\/span><\/p>\n<p><span class=\"text1noticias\">No obstante, la aprobaci\u00f3n de Evo Morales est\u00e1 por encima del 50 por ciento, lo que habla definitivamente de un liderazgo hist\u00f3rico.<\/span><\/p>\n<p><span class=\"text1noticias\"> <\/span><\/p>\n<p><span class=\"text1noticias\">El presidente Evo forma parte del esp\u00edritu de esta \u00e9poca a despecho de ese ataque tan terrible y despiadado de mentiras, calumnias e infamias, recalc\u00f3.<\/span><\/p>\n<p><span class=\"text1noticias\"> <\/span><\/p>\n<p><span class=\"text1noticias\">En el caso del vicepresidente, \u00c1lvaro Garc\u00eda Linera, su gesti\u00f3n fue aprobada en la encuesta con un 43.4 por c<\/span>iento.<\/p>\n<h6> 2016-08-04 12:30:18 <\/h6>\n<p><!--\n<link rel=\"stylesheet\" href=\"css\/bootstrap.min.css\">\n\n\n<ul class=\"pagination\">\n\t    \n\t\n\n<li >\n\t<a href='?page_no=18773'>Previous<\/a>\n\t<\/li>\n\n\n       \n    \n\n<li><a href='?page_no=1'>1<\/a><\/li>\n\n\n\n<li><a href='?page_no=2'>2<\/a><\/li>\n\n\n\n<li><a>...<\/a><\/li>\n\n\n\n<li><a href='?page_no=18772'>18772<\/a><\/li>\n\n\n\n<li><a href='?page_no=18773'>18773<\/a><\/li>\n\n\n\n<li class='active'><a>18774<\/a><\/li>\n\n\n\n<li><a href='?page_no=18775'>18775<\/a><\/li>\n\n\n\n<li><a href='?page_no=18776'>18776<\/a><\/li>\n\n\n\n<li><a>...<\/a><\/li>\n\n\n\n<li><a href='?page_no=51012'>51012<\/a><\/li>\n\n\n\n<li><a href='?page_no=51013'>51013<\/a><\/li>\n\n    \n\t\n\n<li >\n\t<a href='?page_no=18775'>Next<\/a>\n\t<\/li>\n\n\n    \n\n<li><a href='?page_no=51013'>Last &rsaquo;&rsaquo;<\/a><\/li>\n\n<\/ul>\n\n\n--><br \/>\n<\/body><\/p>\n","protected":false},"excerpt":{"rendered":"<p>La Paz, 4 ago (PL) La gesti\u00f3n del presidente de Bolivia, Evo Morales, alcanz\u00f3 un 51.3 por ciento de aprobaci\u00f3n en el eje central del pa\u00eds, integrado por La Paz, Cochabamba, Santa Cruz y El Alto, revela hoy una encuesta. De acuerdo con la pesquisa realizada por la revista Poder y Placer, tal resultado muestra [&hellip;]<\/p>\n","protected":false},"author":3,"featured_media":0,"comment_status":"open","ping_status":"open","sticky":false,"template":"","format":"standard","meta":{"footnotes":""},"categories":[23],"tags":[],"class_list":["post-249129","post","type-post","status-publish","format-standard","hentry","category-internacional"],"_links":{"self":[{"href":"https:\/\/diariodominicano.com\/index.php?rest_route=\/wp\/v2\/posts\/249129","targetHints":{"allow":["GET"]}}],"collection":[{"href":"https:\/\/diariodominicano.com\/index.php?rest_route=\/wp\/v2\/posts"}],"about":[{"href":"https:\/\/diariodominicano.com\/index.php?rest_route=\/wp\/v2\/types\/post"}],"author":[{"embeddable":true,"href":"https:\/\/diariodominicano.com\/index.php?rest_route=\/wp\/v2\/users\/3"}],"replies":[{"embeddable":true,"href":"https:\/\/diariodominicano.com\/index.php?rest_route=%2Fwp%2Fv2%2Fcomments&post=249129"}],"version-history":[{"count":0,"href":"https:\/\/diariodominicano.com\/index.php?rest_route=\/wp\/v2\/posts\/249129\/revisions"}],"wp:attachment":[{"href":"https:\/\/diariodominicano.com\/index.php?rest_route=%2Fwp%2Fv2%2Fmedia&parent=249129"}],"wp:term":[{"taxonomy":"category","embeddable":true,"href":"https:\/\/diariodominicano.com\/index.php?rest_route=%2Fwp%2Fv2%2Fcategories&post=249129"},{"taxonomy":"post_tag","embeddable":true,"href":"https:\/\/diariodominicano.com\/index.php?rest_route=%2Fwp%2Fv2%2Ftags&post=249129"}],"curies":[{"name":"wp","href":"https:\/\/api.w.org\/{rel}","templated":true}]}}