{"id":249127,"date":"2016-08-04T12:38:36","date_gmt":"2016-08-04T12:38:36","guid":{"rendered":"http:\/\/diariodominicano.ddns.net\/?p=249127"},"modified":"2016-08-04T12:38:36","modified_gmt":"2016-08-04T12:38:36","slug":"putin-se-reunira-con-presidente-turco-y-con-primer-ministro-japones-kremlin","status":"publish","type":"post","link":"https:\/\/diariodominicano.com\/?p=249127","title":{"rendered":"Putin se reunir\u00e1 con presidente turco y con primer ministro japon\u00e9s: Kremlin"},"content":{"rendered":"<p><body><\/p>\n<p><span class=\"text1noticias\">  MOSCU, 4 ago (Xinhua) &#8212; El presidente de Rusia, Vladimir Putin, se reunir\u00e1 con su hom\u00f3logo de Turqu\u00eda, Recep Tayyip Erdogan, y con el primer ministro japon\u00e9s, Shinzo Abe, en agosto y principios de septiembre, respectivamente, anunci\u00f3 hoy el Kremlin.<\/span><\/p>\n<p><span class=\"text1noticias\"> <\/span><\/p>\n<p><span class=\"text1noticias\">     Putin y Erdogan discutir\u00e1n el 9 de agosto en San Petersburgo el restablecimiento de lazos, dijo a los reporteros el vocero del Kremlin, Dmitry Peskov.<\/span><\/p>\n<p><span class=\"text1noticias\"> <\/span><\/p>\n<p><span class=\"text1noticias\">     \u00abHabr\u00e1 un intercambio de opiniones sobre cu\u00e1n r\u00e1pido y en qu\u00e9 orden participaremos en la restauraci\u00f3n de nuestra relaci\u00f3n\u00bb, dijo Peskov.<\/span><\/p>\n<p><span class=\"text1noticias\"> <\/span><\/p>\n<p><span class=\"text1noticias\">     Los dos pa\u00edses pusieron fin a siete meses de tensi\u00f3n a fines de junio cuando Erdogan escribi\u00f3 una carta a Putin en la que ofreci\u00f3 disculpas por el derribo de un avi\u00f3n ruso en noviembre del a\u00f1o pasado, con lo que cumpli\u00f3 la condici\u00f3n de Mosc\u00fa para restaurar la relaci\u00f3n entre ambos pa\u00edses.<\/span><\/p>\n<p><span class=\"text1noticias\"> <\/span><\/p>\n<p><span class=\"text1noticias\">     El 2 y 3 de septiembre, Putin asistir\u00e1 al Foro Econ\u00f3mico Oriental en la ciudad rusa de Vladivostok, y al margen del encuentro se reunir\u00e1 con Abe y con la presidenta de la Rep\u00fablica de Corea, Park Geun-hye, a\u00f1adi\u00f3 Peskov.<\/span><\/p>\n<p><span class=\"text1noticias\"> <\/span><\/p>\n<p><span class=\"text1noticias\">     \u00abPor supuesto que habr\u00e1 un componente bilateral muy importante con los japoneses y los coreanos\u00bb, dijo el vocero.<\/span><\/p>\n<p><span class=\"text1noticias\"> <\/span><\/p>\n<p><span class=\"text1noticias\">     El primer ministro japon\u00e9s hizo una visita a principios de mayo al centro tur\u00edstico ruso de Sochi en el Mar Negro para enmendar las relaciones. Abe se reuni\u00f3 con Putin en medio de la tensi\u00f3n en las relaciones entre Rusia y Jap\u00f3n debido a sus disputas territoriales persist<\/span>entes.<\/p>\n<h6> 2016-08-04 12:38:36 <\/h6>\n<p><!--\n<link rel=\"stylesheet\" href=\"css\/bootstrap.min.css\">\n\n\n<ul class=\"pagination\">\n\t    \n\t\n\n<li >\n\t<a href='?page_no=18771'>Previous<\/a>\n\t<\/li>\n\n\n       \n    \n\n<li><a href='?page_no=1'>1<\/a><\/li>\n\n\n\n<li><a href='?page_no=2'>2<\/a><\/li>\n\n\n\n<li><a>...<\/a><\/li>\n\n\n\n<li><a href='?page_no=18770'>18770<\/a><\/li>\n\n\n\n<li><a href='?page_no=18771'>18771<\/a><\/li>\n\n\n\n<li class='active'><a>18772<\/a><\/li>\n\n\n\n<li><a href='?page_no=18773'>18773<\/a><\/li>\n\n\n\n<li><a href='?page_no=18774'>18774<\/a><\/li>\n\n\n\n<li><a>...<\/a><\/li>\n\n\n\n<li><a href='?page_no=51012'>51012<\/a><\/li>\n\n\n\n<li><a href='?page_no=51013'>51013<\/a><\/li>\n\n    \n\t\n\n<li >\n\t<a href='?page_no=18773'>Next<\/a>\n\t<\/li>\n\n\n    \n\n<li><a href='?page_no=51013'>Last &rsaquo;&rsaquo;<\/a><\/li>\n\n<\/ul>\n\n\n--><br \/>\n<\/body><\/p>\n","protected":false},"excerpt":{"rendered":"<p>MOSCU, 4 ago (Xinhua) &#8212; El presidente de Rusia, Vladimir Putin, se reunir\u00e1 con su hom\u00f3logo de Turqu\u00eda, Recep Tayyip Erdogan, y con el primer ministro japon\u00e9s, Shinzo Abe, en agosto y principios de septiembre, respectivamente, anunci\u00f3 hoy el Kremlin. Putin y Erdogan discutir\u00e1n el 9 de agosto en San Petersburgo el restablecimiento de lazos, [&hellip;]<\/p>\n","protected":false},"author":3,"featured_media":0,"comment_status":"open","ping_status":"open","sticky":false,"template":"","format":"standard","meta":{"footnotes":""},"categories":[23],"tags":[],"class_list":["post-249127","post","type-post","status-publish","format-standard","hentry","category-internacional"],"_links":{"self":[{"href":"https:\/\/diariodominicano.com\/index.php?rest_route=\/wp\/v2\/posts\/249127","targetHints":{"allow":["GET"]}}],"collection":[{"href":"https:\/\/diariodominicano.com\/index.php?rest_route=\/wp\/v2\/posts"}],"about":[{"href":"https:\/\/diariodominicano.com\/index.php?rest_route=\/wp\/v2\/types\/post"}],"author":[{"embeddable":true,"href":"https:\/\/diariodominicano.com\/index.php?rest_route=\/wp\/v2\/users\/3"}],"replies":[{"embeddable":true,"href":"https:\/\/diariodominicano.com\/index.php?rest_route=%2Fwp%2Fv2%2Fcomments&post=249127"}],"version-history":[{"count":0,"href":"https:\/\/diariodominicano.com\/index.php?rest_route=\/wp\/v2\/posts\/249127\/revisions"}],"wp:attachment":[{"href":"https:\/\/diariodominicano.com\/index.php?rest_route=%2Fwp%2Fv2%2Fmedia&parent=249127"}],"wp:term":[{"taxonomy":"category","embeddable":true,"href":"https:\/\/diariodominicano.com\/index.php?rest_route=%2Fwp%2Fv2%2Fcategories&post=249127"},{"taxonomy":"post_tag","embeddable":true,"href":"https:\/\/diariodominicano.com\/index.php?rest_route=%2Fwp%2Fv2%2Ftags&post=249127"}],"curies":[{"name":"wp","href":"https:\/\/api.w.org\/{rel}","templated":true}]}}