{"id":249126,"date":"2016-08-04T18:17:31","date_gmt":"2016-08-04T18:17:31","guid":{"rendered":"http:\/\/diariodominicano.ddns.net\/?p=249126"},"modified":"2016-08-04T18:17:31","modified_gmt":"2016-08-04T18:17:31","slug":"una-comision-del-senado-vota-en-favor-de-destituir-a-rousseff","status":"publish","type":"post","link":"https:\/\/diariodominicano.com\/?p=249126","title":{"rendered":"Una Comisi\u00f3n del Senado vota en favor de destituir a Rousseff"},"content":{"rendered":"<p><body><\/p>\n<p><img decoding=\"async\" src=\"img3\/a712d0864e5e33e6a5db110c65cebb1380b66d84.jpg\" \/><br \/><img decoding=\"async\" src=\"img3\/bb5f1e7cfda4caa91d69d31359cc38ded43867fb.jpg\" \/><br \/><img decoding=\"async\" src=\"img3\/d28b5b879dc8237181e25b141376959c46370005.jpg\" \/>  <\/p>\n<\/p>\n<p>AFP\/Archivos \/ EVARISTO SA<\/p>\n<p>Composici\u00f3n fotogr\u00e1fica con la presidenta suspendida de Brasil Dilma Rousseff el 6 de mayo de 2016 en Brasilia<\/p>\n<p>Una comisi\u00f3n del Senado brasile\u00f1o vot\u00f3 a favor de someter a la suspendida presidenta Dilma Rousseff a un juicio de destituci\u00f3n este mismo mes, a 24 horas de la hist\u00f3rica apertura de los Juegos Ol\u00edmpicos de Rio-2016.<\/p>\n<p>\u00abEl resultado es 14 a 5\u00bb a favor de la acusaci\u00f3n, dijo el senador Raimundo Lira, que dirige los trabajos del colegiado y est\u00e1 aliado al presidente interino Michel Temer, que reemplaz\u00f3 a Rousseff mientras se realiza el juicio.<\/p>\n<p>Para que el caso llegue a su instancia final de sentencia, el parecer de la comisi\u00f3n deber\u00e1 ser refrendado por el pleno de 81 senadores el pr\u00f3ximo martes, en una sesi\u00f3n que se desarrollar\u00e1 con la mayor competencia deportiva global como tel\u00f3n de fondo.<\/p>\n<p>Y si en esa ocasi\u00f3n una mayor\u00eda simple de los senadores opta por dar continuidad a la acusaci\u00f3n, Rousseff quedar\u00e1 a una sola votaci\u00f3n de perder su mandato en forma definitiva, que a fines de agosto pondr\u00eda fin al ciclo de m\u00e1s de 13 a\u00f1os del izquierdista Partido de los Trabajadores (PT) en el poder.<\/p>\n<p>Rousseff, que acusa a su exvice Temer de haberla traicionado y denuncia un golpe en su contra, est\u00e1 acusada de haber violado la Constituci\u00f3n al aprobar gastos sin la venia del Congreso y suscribir decretos para financiar al Tesoro con la banca p\u00fablica. Las dos infracciones son consideradas \u00abcr\u00edmenes de responsabilidad\u00bb, que pueden terminar con su presidencia e inhabilitarla para cargos p\u00fablicos durante ocho a\u00f1os.<\/p>\n<\/p>\n<p>AFP \/ Andressa Anholete<\/p>\n<p>Una manifestaci\u00f3n contra la suspendida presidenta brasile\u00f1a Dilma Rousseff fuera del Congreso, en Brasilia, el 31 de julio de 2016<\/p>\n<p>Una amplia mayor\u00eda de los congresistas y de analistas consideran que la ahijada pol\u00edtica del expresidente Luiz Inacio Lula da Silva tiene pocas posibilidades de conservar el poder y afirman que el impeachment llegar\u00e1 a su instancia final con el apoyo de dos tercios (54) de los senadores, el m\u00ednimo necesario para sellar su ca\u00edda.<\/p>\n<p>Una gran protesta contra Temer est\u00e1 prevista este viernes frente al estadio Maracan\u00e1, a la misma hora de la ceremonia de apertura de los Juegos. Los organizadores piden abuchear al presidente interino luego del himno nacional, y durante y despu\u00e9s de su discurso.<\/p>\n<p>&#8211; \u00abAtentado contra la Constituci\u00f3n\u00bb &#8211;<\/p>\n<p>La comisi\u00f3n dio un amplio respaldo al informe de 441 p\u00e1ginas del senador Antonio Anastasia (PSDB) en el que se pronunci\u00f3 a favor del impeachment con palabras duras.<\/p>\n<\/p>\n<p>AFP \/ Anella RETA, Gustavo Iz\u00fas<\/p>\n<p>El juicio pol\u00edtico de Dilma Rousseff<\/p>\n<p>\u00abLa gravedad de los hechos constatados no deja dudas en cuanto a la existencia no de meras formalidades contables, sino de un aut\u00e9ntico &#8216;atentado contra la Constituci\u00f3n'\u00bb, hab\u00eda dicho el martes al leer su voto.<\/p>\n<p>\u00abEstoy muy triste en el d\u00eda de hoy, era un resultado esperado. Qued\u00f3 muy evidente que se preocuparon m\u00e1s con el proceso que con el m\u00e9rito. Buscaron una raz\u00f3n para justificar este ritual y separar a la presidenta de su cargo\u00bb, dijo la senadora Gleisi Hoffmann, del PT.<\/p>\n<p>Mientras el pa\u00eds espera para este jueves el debut de la selecci\u00f3n de f\u00fatbol masculino, en un encuentro que se disputar\u00e1 a pocas cuadras de donde se realiz\u00f3 la votaci\u00f3n, Rousseff qued\u00f3 un paso m\u00e1s cerca de convertirse en la segunda jefa de Estado en perder el poder a manos del Congreso en 24 a\u00f1os, despu\u00e9s de Fernando Collor.<\/p>\n<p>De verificarse ese escenario, Temer gobernar\u00e1 hasta fines de 2018.<\/p>\n<p>En medio de la profunda crisis pol\u00edtica, los brasile\u00f1os est\u00e1n molestos con el costo de los Juegos, los deficientes servicios p\u00fablicos, la recesi\u00f3n econ\u00f3mica que sacude al pa\u00eds y los esc\u00e1ndalos de corrupci\u00f3n que salpican a casi todos los partidos y a la \u00e9lite empresarial.<\/p>\n<p>\u00abDe una manera las Olimp\u00edadas son buenas para Brasil para ayudar a desarrollarnos, pero el pa\u00eds est\u00e1 muy triste, lleno de violencia y desempleo\u00bb, dijo Carlos Roberto, un obrero portuario de 56 a\u00f1os que vive en Rio.<\/p>\n<p>&#8211; Fase final &#8211;<\/p>\n<p>Temer, un abogado de 75 a\u00f1os que integr\u00f3 la f\u00f3rmula con Rousseff en las dos elecciones que gan\u00f3, ya avis\u00f3 que pretende asistir a la cumbre del G-20 a inicios de setiembre en China sin el mote de presidente \u00abprovisorio\u00bb y presiona para que el proceso termine en agosto tras el cierre de las Olimp\u00edadas.<\/p>\n<\/p>\n<p>AFP \/ Miguel Schincariol<\/p>\n<p>Una protesta contra la suspendida presidenta brasile\u00f1a Dilma Rousseff el 31 de julio de 2016 en Sao Paulo<\/p>\n<p>Cuando el plenario vote el pr\u00f3ximo martes, el proceso ya ser\u00e1 conducido por el presidente de la Corte Suprema, Ricardo Lewandowski. Y si como es ampliamente anticipado, respalda los cargos, habr\u00e1 un juicio final.<\/p>\n<p>Esa instancia se extender\u00e1 por cinco d\u00edas y el d\u00eda de la sentencia la defensa podr\u00eda estar a cargo de la propia Rousseff.<\/p>\n<p>Acusada de adulterar las cuentas p\u00fablicas pero no de corrupci\u00f3n, Rousseff est\u00e1 \u00abpagando la cuenta de los errores del PT\u00bb, seg\u00fan defini\u00f3 la senadora conservadora Ana Amelia (PP) en una entrevista reciente con la AFP.<\/p>\n<p>Detractora de la primera mujer en presidir Brasil, Amelia cree que los vientos pol\u00edticos cambiaron y el tiempo del PT termin\u00f3 por su incapacidad para sustentar su modelo de coalici\u00f3n polipartidaria.<\/p>\n<p>Acorralada por una recesi\u00f3n econ\u00f3mica, con su gobierno acusado de tener v\u00ednculos con una red de sobornos en la estatal Petrobras y con el Congreso en contra, Rousseff se fue quedando sin margen.<\/p>\n<p>En diciembre de 2015 fue aceptado el pedido de impeachment y poco despu\u00e9s Temer sac\u00f3 a su partido de la coalici\u00f3n de gobierno para liderar un amplio arco opositor.<\/p>\n<p>Para el mundo pol\u00edtico, las cartas ya estaban echadas.<\/p>\n<h6> 2016-08-04 18:17:31 <\/h6>\n<p><!--\n<link rel=\"stylesheet\" href=\"css\/bootstrap.min.css\">\n\n\n<ul class=\"pagination\">\n\t    \n\t\n\n<li >\n\t<a href='?page_no=18770'>Previous<\/a>\n\t<\/li>\n\n\n       \n    \n\n<li><a href='?page_no=1'>1<\/a><\/li>\n\n\n\n<li><a href='?page_no=2'>2<\/a><\/li>\n\n\n\n<li><a>...<\/a><\/li>\n\n\n\n<li><a href='?page_no=18769'>18769<\/a><\/li>\n\n\n\n<li><a href='?page_no=18770'>18770<\/a><\/li>\n\n\n\n<li class='active'><a>18771<\/a><\/li>\n\n\n\n<li><a href='?page_no=18772'>18772<\/a><\/li>\n\n\n\n<li><a href='?page_no=18773'>18773<\/a><\/li>\n\n\n\n<li><a>...<\/a><\/li>\n\n\n\n<li><a href='?page_no=51012'>51012<\/a><\/li>\n\n\n\n<li><a href='?page_no=51013'>51013<\/a><\/li>\n\n    \n\t\n\n<li >\n\t<a href='?page_no=18772'>Next<\/a>\n\t<\/li>\n\n\n    \n\n<li><a href='?page_no=51013'>Last &rsaquo;&rsaquo;<\/a><\/li>\n\n<\/ul>\n\n\n--><br \/>\n<\/body><\/p>\n","protected":false},"excerpt":{"rendered":"<p>AFP\/Archivos \/ EVARISTO SA Composici\u00f3n fotogr\u00e1fica con la presidenta suspendida de Brasil Dilma Rousseff el 6 de mayo de 2016 en Brasilia Una comisi\u00f3n del Senado brasile\u00f1o vot\u00f3 a favor de someter a la suspendida presidenta Dilma Rousseff a un juicio de destituci\u00f3n este mismo mes, a 24 horas de la hist\u00f3rica apertura de los [&hellip;]<\/p>\n","protected":false},"author":3,"featured_media":0,"comment_status":"open","ping_status":"open","sticky":false,"template":"","format":"standard","meta":{"footnotes":""},"categories":[23],"tags":[],"class_list":["post-249126","post","type-post","status-publish","format-standard","hentry","category-internacional"],"_links":{"self":[{"href":"https:\/\/diariodominicano.com\/index.php?rest_route=\/wp\/v2\/posts\/249126","targetHints":{"allow":["GET"]}}],"collection":[{"href":"https:\/\/diariodominicano.com\/index.php?rest_route=\/wp\/v2\/posts"}],"about":[{"href":"https:\/\/diariodominicano.com\/index.php?rest_route=\/wp\/v2\/types\/post"}],"author":[{"embeddable":true,"href":"https:\/\/diariodominicano.com\/index.php?rest_route=\/wp\/v2\/users\/3"}],"replies":[{"embeddable":true,"href":"https:\/\/diariodominicano.com\/index.php?rest_route=%2Fwp%2Fv2%2Fcomments&post=249126"}],"version-history":[{"count":0,"href":"https:\/\/diariodominicano.com\/index.php?rest_route=\/wp\/v2\/posts\/249126\/revisions"}],"wp:attachment":[{"href":"https:\/\/diariodominicano.com\/index.php?rest_route=%2Fwp%2Fv2%2Fmedia&parent=249126"}],"wp:term":[{"taxonomy":"category","embeddable":true,"href":"https:\/\/diariodominicano.com\/index.php?rest_route=%2Fwp%2Fv2%2Fcategories&post=249126"},{"taxonomy":"post_tag","embeddable":true,"href":"https:\/\/diariodominicano.com\/index.php?rest_route=%2Fwp%2Fv2%2Ftags&post=249126"}],"curies":[{"name":"wp","href":"https:\/\/api.w.org\/{rel}","templated":true}]}}