{"id":249124,"date":"2016-08-05T07:46:38","date_gmt":"2016-08-05T07:46:38","guid":{"rendered":"http:\/\/diariodominicano.ddns.net\/?p=249124"},"modified":"2016-08-05T07:46:38","modified_gmt":"2016-08-05T07:46:38","slug":"manifestaciones-contra-golpe-preceden-apertura-de-rio-2016","status":"publish","type":"post","link":"https:\/\/diariodominicano.com\/?p=249124","title":{"rendered":"Manifestaciones contra golpe preceden apertura de R\u00edo 2016"},"content":{"rendered":"<p><body><\/p>\n<p><img decoding=\"async\" src=\"img3\/brasil-no-golpe5.jpg\" \/>  <\/p>\n<p><span class=\"text1noticias\">R\u00edo de Janeiro, 5 ago (PL) Sendas manifestaciones populares para denunciar el golpe de Estado parlamentario en curso en Brasil y el car\u00e1cter excluyente de los Juegos Ol\u00edmpicos R\u00edo 2016, anteceder\u00e1n hoy aqu\u00ed la inauguracion de la mayor fiesta del deporte mundial.<\/span><\/p>\n<p><span class=\"text1noticias\"> <\/span><\/p>\n<p><span class=\"text1noticias\">A concentrarse en la playa de Copacabana a las 11:00 (hora local) para defender all\u00ed los derechos del pueblo y mostrar al mundo que las Olimpiadas acontecer\u00e1n en un pa\u00eds que est\u00e1 sufriendo una asonada golpista, convocaron los frentes Brasil Popular, Pueblo Sin Miedo y de Izquierda Socialista.<\/span><\/p>\n<p><span class=\"text1noticias\"> <\/span><\/p>\n<p><span class=\"text1noticias\">Los participantes exigir\u00e1n la salida del Palacio de Planalto del presidente provisional Michel Temer, a quien tildan de golpista, y reclamar\u00e1n adem\u00e1s que no haya un derecho menos de los conquistados en los \u00faltimos 13 a\u00f1os de gobierno del Partido de los Trabajadores (PT).<\/span><\/p>\n<p><span class=\"text1noticias\"> <\/span><\/p>\n<p><span class=\"text1noticias\">El grito contra el golpe es en leg\u00edtima defensa, pues el proceso ileg\u00edtimo de impeachment (contra la presidenta consitucional Dilma Rousseff) da\u00f1a la democracia y viola la Constituci\u00f3n, retirando conquistas y lesionando la soberan\u00eda nacional, subraya el llamamiento a la protesta.<\/span><\/p>\n<p><span class=\"text1noticias\"> <\/span><\/p>\n<p><span class=\"text1noticias\">Se\u00f1ala adem\u00e1s que el pedido de juicio pol\u00edtico contra Rousseff carece de fundamento legal, sino se trata \u00abde un golpe de Estado, planeado y conducido, incluso, para detener las investigaciones (de la operaci\u00f3n anticorrupci\u00f3n Lava Jato) que alcanzar\u00edan a los propios golpistas\u00bb.<\/span><\/p>\n<p><span class=\"text1noticias\"> <\/span><\/p>\n<p><span class=\"text1noticias\">Advierte que en las \u00faltimas semanas los grandes medios se esfuerzan por tratar el impeachment como un hecho consumado, ocultado las movilizaciones que est\u00e1n ocurriendo en el pa\u00eds y la figura de la Presidenta leg\u00edtima.<\/span><\/p>\n<p><span class=\"text1noticias\"> <\/span><\/p>\n<p><span class=\"text1noticias\">Ese esfuerzo -alerta m\u00e1s adelante- ser\u00e1 intensificado em los pr\u00f3ximos d\u00edas, omitiendo la crisis pol\u00edtica y econ\u00f3mica por la que atraviesa Brasil con una cobertura nacionalista de las Olimp\u00edadas.<\/span><\/p>\n<p><span class=\"text1noticias\"> <\/span><\/p>\n<p><span class=\"text1noticias\">Con todo, tenemos conciencia de que es posible revertir la votaci\u00f3n (sobre la separacion definitiva de Dilma de su cargo) en el Senado, a pesar de la narrativa fatalista de los medios, pues son pocos los votos \u00abque nos separan de la victoria sobre los golpistas\u00bb, valora el manifiesto.<\/span><\/p>\n<p><span class=\"text1noticias\"> <\/span><\/p>\n<p><span class=\"text1noticias\">Por otra parte, movimientos sociales y representantes universitarios que durante tres d\u00edas participaron aqu\u00ed en la \u00abJornada de Lucha contra R\u00edo 2016, los Juegos de la Exclusi\u00f3n\u00bb convocaron a la ciudadan\u00eda a reunirse a las 14:00 (hora local) en la Plaza Saens Pe\u00f1a, un sitio hist\u00f3ricamente ligado a las protestas contra los megaeventos.<\/span><\/p>\n<p><span class=\"text1noticias\"> <\/span><\/p>\n<p><span class=\"text1noticias\">En el foro se debatieron, entre otros temas, el desplazamiento de 22 mil familias expulsadas de sus casas \u00aben nombre de un proyecto de ciudad legitimado y viabilizado por los megaeventos deportivos y en benef\u00edcio de pocos grupos pol\u00edticos y econ\u00f3micos\u00bb.<\/span><\/p>\n<p><span class=\"text1noticias\"> <\/span><\/p>\n<p><span class=\"text1noticias\">Asimismo, el control urbano: militarizaci\u00f3n y racismo, abordado en una mesa de discusi\u00f3n donde se analizaron la ocupaci\u00f3n por la polic\u00eda y las fuerzas armadas, de favelas y asentamientos perif\u00e9ricos de la ciudad, los altos \u00edndices de letalidad policial y el aumento de la poblaci\u00f3n carcelaria.<\/span><\/p>\n<p><span class=\"text1noticias\"> <\/span><\/p>\n<p><span class=\"text1noticias\">Tambi\u00e9n se llam\u00f3 la atenci\u00f3n sobre el hecho que las inversiones para las Olimpiadas se concentraran en la zona sur, el \u00e1rea portuaria y Barra de Tijuca, lo cual produce elitizaci\u00f3n de esos espacios y provoca la relocalizaci\u00f3n de las clases populares que habitaban en esos lugares para la periferia de<\/span> la ciudad.<\/p>\n<h6> 2016-08-05 07:46:38 <\/h6>\n<p><!--\n<link rel=\"stylesheet\" href=\"css\/bootstrap.min.css\">\n\n\n<ul class=\"pagination\">\n\t    \n\t\n\n<li >\n\t<a href='?page_no=18768'>Previous<\/a>\n\t<\/li>\n\n\n       \n    \n\n<li><a href='?page_no=1'>1<\/a><\/li>\n\n\n\n<li><a href='?page_no=2'>2<\/a><\/li>\n\n\n\n<li><a>...<\/a><\/li>\n\n\n\n<li><a href='?page_no=18767'>18767<\/a><\/li>\n\n\n\n<li><a href='?page_no=18768'>18768<\/a><\/li>\n\n\n\n<li class='active'><a>18769<\/a><\/li>\n\n\n\n<li><a href='?page_no=18770'>18770<\/a><\/li>\n\n\n\n<li><a href='?page_no=18771'>18771<\/a><\/li>\n\n\n\n<li><a>...<\/a><\/li>\n\n\n\n<li><a href='?page_no=51012'>51012<\/a><\/li>\n\n\n\n<li><a href='?page_no=51013'>51013<\/a><\/li>\n\n    \n\t\n\n<li >\n\t<a href='?page_no=18770'>Next<\/a>\n\t<\/li>\n\n\n    \n\n<li><a href='?page_no=51013'>Last &rsaquo;&rsaquo;<\/a><\/li>\n\n<\/ul>\n\n\n--><br \/>\n<\/body><\/p>\n","protected":false},"excerpt":{"rendered":"<p>R\u00edo de Janeiro, 5 ago (PL) Sendas manifestaciones populares para denunciar el golpe de Estado parlamentario en curso en Brasil y el car\u00e1cter excluyente de los Juegos Ol\u00edmpicos R\u00edo 2016, anteceder\u00e1n hoy aqu\u00ed la inauguracion de la mayor fiesta del deporte mundial. A concentrarse en la playa de Copacabana a las 11:00 (hora local) para [&hellip;]<\/p>\n","protected":false},"author":3,"featured_media":0,"comment_status":"open","ping_status":"open","sticky":false,"template":"","format":"standard","meta":{"footnotes":""},"categories":[23],"tags":[],"class_list":["post-249124","post","type-post","status-publish","format-standard","hentry","category-internacional"],"_links":{"self":[{"href":"https:\/\/diariodominicano.com\/index.php?rest_route=\/wp\/v2\/posts\/249124","targetHints":{"allow":["GET"]}}],"collection":[{"href":"https:\/\/diariodominicano.com\/index.php?rest_route=\/wp\/v2\/posts"}],"about":[{"href":"https:\/\/diariodominicano.com\/index.php?rest_route=\/wp\/v2\/types\/post"}],"author":[{"embeddable":true,"href":"https:\/\/diariodominicano.com\/index.php?rest_route=\/wp\/v2\/users\/3"}],"replies":[{"embeddable":true,"href":"https:\/\/diariodominicano.com\/index.php?rest_route=%2Fwp%2Fv2%2Fcomments&post=249124"}],"version-history":[{"count":0,"href":"https:\/\/diariodominicano.com\/index.php?rest_route=\/wp\/v2\/posts\/249124\/revisions"}],"wp:attachment":[{"href":"https:\/\/diariodominicano.com\/index.php?rest_route=%2Fwp%2Fv2%2Fmedia&parent=249124"}],"wp:term":[{"taxonomy":"category","embeddable":true,"href":"https:\/\/diariodominicano.com\/index.php?rest_route=%2Fwp%2Fv2%2Fcategories&post=249124"},{"taxonomy":"post_tag","embeddable":true,"href":"https:\/\/diariodominicano.com\/index.php?rest_route=%2Fwp%2Fv2%2Ftags&post=249124"}],"curies":[{"name":"wp","href":"https:\/\/api.w.org\/{rel}","templated":true}]}}