{"id":249123,"date":"2016-08-05T07:58:22","date_gmt":"2016-08-05T07:58:22","guid":{"rendered":"http:\/\/diariodominicano.ddns.net\/?p=249123"},"modified":"2016-08-05T07:58:22","modified_gmt":"2016-08-05T07:58:22","slug":"abuso-infantil-en-japon-se-disparo-en-2015-al-peor-nivel-historico","status":"publish","type":"post","link":"https:\/\/diariodominicano.com\/?p=249123","title":{"rendered":"Abuso infantil en Jap\u00f3n se dispar\u00f3 en 2015 al peor nivel hist\u00f3rico"},"content":{"rendered":"<p><body><\/p>\n<p><span class=\"text1noticias\">TOKIO, 5 ago (Xinhua) &#8212; El abuso infantil en Jap\u00f3n se dispar\u00f3 en 2015 al peor nivel desde que existen registros, al contabilizarse por primera vez m\u00e1s de 100.000 casos abordados por funcionarios de bienestar, de acuerdo con una encuesta gubernamental difundida este jueves.<\/span><\/p>\n<p><span class=\"text1noticias\"> <\/span><\/p>\n<p><span class=\"text1noticias\">     Seg\u00fan la encuesta realizada por el Ministerio de Sanidad, Trabajo y Bienestar, cerca de 200 centros de consultas infantiles en el pa\u00eds abordaron un total de 103.260 casos de abuso durante el a\u00f1o fiscal que termin\u00f3 el 31 de marzo, un aumento del 16 por ciento en comparaci\u00f3n con el a\u00f1o anterior.<\/span><\/p>\n<p><span class=\"text1noticias\"> <\/span><\/p>\n<p><span class=\"text1noticias\">     Se trata del 25\u00ba aumento anual consecutivo desde que el gobierno empez\u00f3 a realizar este trabajo en 1990.<\/span><\/p>\n<p><span class=\"text1noticias\"> <\/span><\/p>\n<p><span class=\"text1noticias\">     El abuso psicol\u00f3gico, como los actos de violencia entre parejas delante de ni\u00f1os, supuso el 47,2 por ciento de la cifra total, con 48.693 casos. La creciente desigualdad de ingresos y el aislamiento de las familias a las comunidades locales podr\u00edan aumentar el riesgo de la violencia dom\u00e9stica.<\/span><\/p>\n<p><span class=\"text1noticias\"> <\/span><\/p>\n<p><span class=\"text1noticias\">     Mientras tanto, los casos de abuso psicol\u00f3gico en Jap\u00f3n representaron el 27,7 por ciento, las negligencias de los padres el 23,7 por ciento y el abuso sexual el 1,5 por ciento, de acuerdo con la encuesta.<\/span><\/p>\n<p><span class=\"text1noticias\"> <\/span><\/p>\n<p><span class=\"text1noticias\">     Las autoridades japonesas adoptaron el a\u00f1o pasado varias medidas, como introducir m\u00e1s expertos para abordar los casos de abuso y crear una l\u00ednea directa de tres d\u00edgitos de abuso infantil que resulte m\u00e1s accesible y c\u00f3<\/span>moda.<\/p>\n<h6> 2016-08-05 07:58:22 <\/h6>\n<p><!--\n<link rel=\"stylesheet\" href=\"css\/bootstrap.min.css\">\n\n\n<ul class=\"pagination\">\n\t    \n\t\n\n<li >\n\t<a href='?page_no=18767'>Previous<\/a>\n\t<\/li>\n\n\n       \n    \n\n<li><a href='?page_no=1'>1<\/a><\/li>\n\n\n\n<li><a href='?page_no=2'>2<\/a><\/li>\n\n\n\n<li><a>...<\/a><\/li>\n\n\n\n<li><a href='?page_no=18766'>18766<\/a><\/li>\n\n\n\n<li><a href='?page_no=18767'>18767<\/a><\/li>\n\n\n\n<li class='active'><a>18768<\/a><\/li>\n\n\n\n<li><a href='?page_no=18769'>18769<\/a><\/li>\n\n\n\n<li><a href='?page_no=18770'>18770<\/a><\/li>\n\n\n\n<li><a>...<\/a><\/li>\n\n\n\n<li><a href='?page_no=51012'>51012<\/a><\/li>\n\n\n\n<li><a href='?page_no=51013'>51013<\/a><\/li>\n\n    \n\t\n\n<li >\n\t<a href='?page_no=18769'>Next<\/a>\n\t<\/li>\n\n\n    \n\n<li><a href='?page_no=51013'>Last &rsaquo;&rsaquo;<\/a><\/li>\n\n<\/ul>\n\n\n--><br \/>\n<\/body><\/p>\n","protected":false},"excerpt":{"rendered":"<p>TOKIO, 5 ago (Xinhua) &#8212; El abuso infantil en Jap\u00f3n se dispar\u00f3 en 2015 al peor nivel desde que existen registros, al contabilizarse por primera vez m\u00e1s de 100.000 casos abordados por funcionarios de bienestar, de acuerdo con una encuesta gubernamental difundida este jueves. Seg\u00fan la encuesta realizada por el Ministerio de Sanidad, Trabajo y [&hellip;]<\/p>\n","protected":false},"author":3,"featured_media":0,"comment_status":"open","ping_status":"open","sticky":false,"template":"","format":"standard","meta":{"footnotes":""},"categories":[23],"tags":[],"class_list":["post-249123","post","type-post","status-publish","format-standard","hentry","category-internacional"],"_links":{"self":[{"href":"https:\/\/diariodominicano.com\/index.php?rest_route=\/wp\/v2\/posts\/249123","targetHints":{"allow":["GET"]}}],"collection":[{"href":"https:\/\/diariodominicano.com\/index.php?rest_route=\/wp\/v2\/posts"}],"about":[{"href":"https:\/\/diariodominicano.com\/index.php?rest_route=\/wp\/v2\/types\/post"}],"author":[{"embeddable":true,"href":"https:\/\/diariodominicano.com\/index.php?rest_route=\/wp\/v2\/users\/3"}],"replies":[{"embeddable":true,"href":"https:\/\/diariodominicano.com\/index.php?rest_route=%2Fwp%2Fv2%2Fcomments&post=249123"}],"version-history":[{"count":0,"href":"https:\/\/diariodominicano.com\/index.php?rest_route=\/wp\/v2\/posts\/249123\/revisions"}],"wp:attachment":[{"href":"https:\/\/diariodominicano.com\/index.php?rest_route=%2Fwp%2Fv2%2Fmedia&parent=249123"}],"wp:term":[{"taxonomy":"category","embeddable":true,"href":"https:\/\/diariodominicano.com\/index.php?rest_route=%2Fwp%2Fv2%2Fcategories&post=249123"},{"taxonomy":"post_tag","embeddable":true,"href":"https:\/\/diariodominicano.com\/index.php?rest_route=%2Fwp%2Fv2%2Ftags&post=249123"}],"curies":[{"name":"wp","href":"https:\/\/api.w.org\/{rel}","templated":true}]}}