{"id":249122,"date":"2016-08-05T08:08:22","date_gmt":"2016-08-05T08:08:22","guid":{"rendered":"http:\/\/diariodominicano.ddns.net\/?p=249122"},"modified":"2016-08-05T08:08:22","modified_gmt":"2016-08-05T08:08:22","slug":"mueren-14-personas-durante-ataque-en-mercado-de-la-india","status":"publish","type":"post","link":"https:\/\/diariodominicano.com\/?p=249122","title":{"rendered":"Mueren 14 personas durante ataque en mercado de la India"},"content":{"rendered":"<p><body><\/p>\n<p><span class=\"text1noticias\">NUEVA DELHI, 5 ago (Xinhua) &#8212; Al menos 14 personas murieron y m\u00e1s de 20 resultaron heridas despu\u00e9s de que unos milicianos abriesen fuego y lanzaran granadas en un concurrido mercado en el estado septentrional indio de Assam, inform\u00f3 este viernes un alto funcionario policial.<\/span><\/p>\n<p><span class=\"text1noticias\"> <\/span><\/p>\n<p><span class=\"text1noticias\">     El ataque tuvo lugar en un mercado semanal de Tiniali, fuera de la localidad de Kokrajhar, a unos 220 kil\u00f3metros de la mayor ciudad del estado, Guwahati, donde cientos de personas se congregaban para comerciar.<\/span><\/p>\n<p><span class=\"text1noticias\"> <\/span><\/p>\n<p><span class=\"text1noticias\">     \u00abAl menos entre tres y cuatro milicianos atacaron el mercado por la tarde. Un miliciano ha sido neutralizado. Hemos lanzado una operaci\u00f3n intensiva para localizar a otros participantes del ataque terrorista\u00bb, inform\u00f3 a la prensa el jefe policial, Mukesh Sahay.<\/span><\/p>\n<p><span class=\"text1noticias\"> <\/span><\/p>\n<p><span class=\"text1noticias\">     Los heridos han sido trasladados a hospitales cercanos, desde los que se ha explicado que algunos est\u00e1n en condici\u00f3n cr\u00edtica, seg\u00fan el funcionario.<\/span><\/p>\n<p><span class=\"text1noticias\"> <\/span><\/p>\n<p><span class=\"text1noticias\">     Los canales locales de televisi\u00f3n informaron de que el \u00e1rea ha sido acordonada por polic\u00edas y el Ej\u00e9rcito indio y de que se han lanzado operaciones para localizar a los milicianos, que se cree que se han refugiado en edificios cercanos.<\/span><\/p>\n<p><span class=\"text1noticias\"> <\/span><\/p>\n<p><span class=\"text1noticias\">     La polic\u00eda sospecha que los milicianos que realizaron este ataque son rebeldes del ilegalizado Frente Nacional Democr\u00e1tico de Bodoland en Kokrajhar, que ha estado luchando por un territorio independiente para la etnia bodo de la re<\/span>gi\u00f3n.<\/p>\n<h6> 2016-08-05 08:08:22 <\/h6>\n<p><!--\n<link rel=\"stylesheet\" href=\"css\/bootstrap.min.css\">\n\n\n<ul class=\"pagination\">\n\t    \n\t\n\n<li >\n\t<a href='?page_no=18766'>Previous<\/a>\n\t<\/li>\n\n\n       \n    \n\n<li><a href='?page_no=1'>1<\/a><\/li>\n\n\n\n<li><a href='?page_no=2'>2<\/a><\/li>\n\n\n\n<li><a>...<\/a><\/li>\n\n\n\n<li><a href='?page_no=18765'>18765<\/a><\/li>\n\n\n\n<li><a href='?page_no=18766'>18766<\/a><\/li>\n\n\n\n<li class='active'><a>18767<\/a><\/li>\n\n\n\n<li><a href='?page_no=18768'>18768<\/a><\/li>\n\n\n\n<li><a href='?page_no=18769'>18769<\/a><\/li>\n\n\n\n<li><a>...<\/a><\/li>\n\n\n\n<li><a href='?page_no=51012'>51012<\/a><\/li>\n\n\n\n<li><a href='?page_no=51013'>51013<\/a><\/li>\n\n    \n\t\n\n<li >\n\t<a href='?page_no=18768'>Next<\/a>\n\t<\/li>\n\n\n    \n\n<li><a href='?page_no=51013'>Last &rsaquo;&rsaquo;<\/a><\/li>\n\n<\/ul>\n\n\n--><br \/>\n<\/body><\/p>\n","protected":false},"excerpt":{"rendered":"<p>NUEVA DELHI, 5 ago (Xinhua) &#8212; Al menos 14 personas murieron y m\u00e1s de 20 resultaron heridas despu\u00e9s de que unos milicianos abriesen fuego y lanzaran granadas en un concurrido mercado en el estado septentrional indio de Assam, inform\u00f3 este viernes un alto funcionario policial. El ataque tuvo lugar en un mercado semanal de Tiniali, [&hellip;]<\/p>\n","protected":false},"author":3,"featured_media":0,"comment_status":"open","ping_status":"open","sticky":false,"template":"","format":"standard","meta":{"footnotes":""},"categories":[23],"tags":[],"class_list":["post-249122","post","type-post","status-publish","format-standard","hentry","category-internacional"],"_links":{"self":[{"href":"https:\/\/diariodominicano.com\/index.php?rest_route=\/wp\/v2\/posts\/249122","targetHints":{"allow":["GET"]}}],"collection":[{"href":"https:\/\/diariodominicano.com\/index.php?rest_route=\/wp\/v2\/posts"}],"about":[{"href":"https:\/\/diariodominicano.com\/index.php?rest_route=\/wp\/v2\/types\/post"}],"author":[{"embeddable":true,"href":"https:\/\/diariodominicano.com\/index.php?rest_route=\/wp\/v2\/users\/3"}],"replies":[{"embeddable":true,"href":"https:\/\/diariodominicano.com\/index.php?rest_route=%2Fwp%2Fv2%2Fcomments&post=249122"}],"version-history":[{"count":0,"href":"https:\/\/diariodominicano.com\/index.php?rest_route=\/wp\/v2\/posts\/249122\/revisions"}],"wp:attachment":[{"href":"https:\/\/diariodominicano.com\/index.php?rest_route=%2Fwp%2Fv2%2Fmedia&parent=249122"}],"wp:term":[{"taxonomy":"category","embeddable":true,"href":"https:\/\/diariodominicano.com\/index.php?rest_route=%2Fwp%2Fv2%2Fcategories&post=249122"},{"taxonomy":"post_tag","embeddable":true,"href":"https:\/\/diariodominicano.com\/index.php?rest_route=%2Fwp%2Fv2%2Ftags&post=249122"}],"curies":[{"name":"wp","href":"https:\/\/api.w.org\/{rel}","templated":true}]}}