{"id":249121,"date":"2016-08-05T08:14:09","date_gmt":"2016-08-05T08:14:09","guid":{"rendered":"http:\/\/diariodominicano.ddns.net\/?p=249121"},"modified":"2016-08-05T08:14:09","modified_gmt":"2016-08-05T08:14:09","slug":"expedicion-cientifica-bolivia-peru-investiga-lago-titicaca","status":"publish","type":"post","link":"https:\/\/diariodominicano.com\/?p=249121","title":{"rendered":"Expedici\u00f3n cient\u00edfica Bolivia-Per\u00fa investiga lago Titicaca"},"content":{"rendered":"<p><body><\/p>\n<p><img decoding=\"async\" src=\"img3\/Lagosaneado5-8.jpg\" \/><br \/><img decoding=\"async\" src=\"img3\/Lago-Titicaca5-8.jpg\" \/>  <\/p>\n<p><span class=\"text1noticias\">La Paz, 5 ago (PL) Un equipo de cient\u00edficos de Bolivia y Per\u00fa monitorean hoy la cantidad de especies y estado de la vegetaci\u00f3n en el Titicaca, lago navegable m\u00e1s alto del mundo compartido por ambas naciones.<\/span><\/p>\n<p><span class=\"text1noticias\"> <\/span><\/p>\n<p><span class=\"text1noticias\">Seg\u00fan el Ministerio de Desarrollo Rural y Tierras boliviano, las pesquisas iniciaron el jueves y se extender\u00e1n durante dos semanas.<\/span><\/p>\n<p><span class=\"text1noticias\"> <\/span><\/p>\n<p><span class=\"text1noticias\">Durante ese periodo, los especialistas tomar\u00e1n muestras y har\u00e1n pescas experimentales, a fin de determinar la actividad de la biomasa en dicho ecosistema, explica un bolet\u00edn de prensa.<\/span><\/p>\n<p><span class=\"text1noticias\"> <\/span><\/p>\n<p><span class=\"text1noticias\">Participan en la expedici\u00f3n representantes de la Instituci\u00f3n P\u00fablica Desconcentrada de Pesca y Acuicultura (IPD-PACU), del Instituto de Ecolog\u00eda de la Universidad Mayor de San Andr\u00e9s, del Instituto de Investigaci\u00f3n para el Desarrollo de Francia, del Instituto del Mar del Per\u00fa, del Proyecto Especial Binacional del Lago Titicaca y de la Autoridad Binacional del Lago Titicaca.<\/span><\/p>\n<p><span class=\"text1noticias\"> <\/span><\/p>\n<p><span class=\"text1noticias\">El director de IPD-PACU, Rodrigo Santiv\u00e1\u00f1ez, explic\u00f3 que se trabajar\u00e1 mediante una sonda multiparam\u00e9trica ZE, que mide valores f\u00edsicos, qu\u00edmicos, temperatura, conductividad y salinidad del agua en diferentes profundidades.<\/span><\/p>\n<p><span class=\"text1noticias\"> <\/span><\/p>\n<p><span class=\"text1noticias\">Por su parte, el t\u00e9cnico Ac\u00fastico Pesquero del Instituto del Mar del Per\u00fa, Luis La Cruz, destac\u00f3 el uso de un sistema sonar para evaluar desde la superficie, el h\u00e1bitat y comportamiento de poblaciones de peces como la trucha, karachi, ispi y el pejerrey.<\/span><\/p>\n<p><span class=\"text1noticias\"> <\/span><\/p>\n<p><span class=\"text1noticias\">Los resultados de la expedici\u00f3n ser\u00e1n presentados en Puno, Per\u00fa, en la \u00faltima semana de agosto, a\u00f1adi\u00f3.<\/span><\/p>\n<p><span class=\"text1noticias\"> <\/span><\/p>\n<p><span class=\"text1noticias\">El lago Titicaca es un cuerpo de agua ubicado en el Altiplano andino, en los Andes Centrales, con una cuenca de unos 58 mil kil\u00f3metros cuadrados. Es el lago navegable m\u00e1s alto del mundo y ocupa el lugar 19 a nivel global por su extensi\u00f3n.<\/span><\/p>\n<p><span class=\"text1noticias\"> <\/span><\/p>\n<p><span class=\"text1noticias\">Con una altitud promedio de tres mil 812 metros, este accidente natural abarca una superficie de ocho mil 562 kil\u00f3metros cuadrados de los cuales 56 por ciento corresponden a Per\u00fa y el restante porcentaje, equivalentes a tres mil 790 kil\u00f3metros cuadrados, son territorio bo<\/span>liviano.<\/p>\n<h6> 2016-08-05 08:14:09 <\/h6>\n<p><!--\n<link rel=\"stylesheet\" href=\"css\/bootstrap.min.css\">\n\n\n<ul class=\"pagination\">\n\t    \n\t\n\n<li >\n\t<a href='?page_no=18765'>Previous<\/a>\n\t<\/li>\n\n\n       \n    \n\n<li><a href='?page_no=1'>1<\/a><\/li>\n\n\n\n<li><a href='?page_no=2'>2<\/a><\/li>\n\n\n\n<li><a>...<\/a><\/li>\n\n\n\n<li><a href='?page_no=18764'>18764<\/a><\/li>\n\n\n\n<li><a href='?page_no=18765'>18765<\/a><\/li>\n\n\n\n<li class='active'><a>18766<\/a><\/li>\n\n\n\n<li><a href='?page_no=18767'>18767<\/a><\/li>\n\n\n\n<li><a href='?page_no=18768'>18768<\/a><\/li>\n\n\n\n<li><a>...<\/a><\/li>\n\n\n\n<li><a href='?page_no=51012'>51012<\/a><\/li>\n\n\n\n<li><a href='?page_no=51013'>51013<\/a><\/li>\n\n    \n\t\n\n<li >\n\t<a href='?page_no=18767'>Next<\/a>\n\t<\/li>\n\n\n    \n\n<li><a href='?page_no=51013'>Last &rsaquo;&rsaquo;<\/a><\/li>\n\n<\/ul>\n\n\n--><br \/>\n<\/body><\/p>\n","protected":false},"excerpt":{"rendered":"<p>La Paz, 5 ago (PL) Un equipo de cient\u00edficos de Bolivia y Per\u00fa monitorean hoy la cantidad de especies y estado de la vegetaci\u00f3n en el Titicaca, lago navegable m\u00e1s alto del mundo compartido por ambas naciones. Seg\u00fan el Ministerio de Desarrollo Rural y Tierras boliviano, las pesquisas iniciaron el jueves y se extender\u00e1n durante [&hellip;]<\/p>\n","protected":false},"author":3,"featured_media":0,"comment_status":"open","ping_status":"open","sticky":false,"template":"","format":"standard","meta":{"footnotes":""},"categories":[23],"tags":[],"class_list":["post-249121","post","type-post","status-publish","format-standard","hentry","category-internacional"],"_links":{"self":[{"href":"https:\/\/diariodominicano.com\/index.php?rest_route=\/wp\/v2\/posts\/249121","targetHints":{"allow":["GET"]}}],"collection":[{"href":"https:\/\/diariodominicano.com\/index.php?rest_route=\/wp\/v2\/posts"}],"about":[{"href":"https:\/\/diariodominicano.com\/index.php?rest_route=\/wp\/v2\/types\/post"}],"author":[{"embeddable":true,"href":"https:\/\/diariodominicano.com\/index.php?rest_route=\/wp\/v2\/users\/3"}],"replies":[{"embeddable":true,"href":"https:\/\/diariodominicano.com\/index.php?rest_route=%2Fwp%2Fv2%2Fcomments&post=249121"}],"version-history":[{"count":0,"href":"https:\/\/diariodominicano.com\/index.php?rest_route=\/wp\/v2\/posts\/249121\/revisions"}],"wp:attachment":[{"href":"https:\/\/diariodominicano.com\/index.php?rest_route=%2Fwp%2Fv2%2Fmedia&parent=249121"}],"wp:term":[{"taxonomy":"category","embeddable":true,"href":"https:\/\/diariodominicano.com\/index.php?rest_route=%2Fwp%2Fv2%2Fcategories&post=249121"},{"taxonomy":"post_tag","embeddable":true,"href":"https:\/\/diariodominicano.com\/index.php?rest_route=%2Fwp%2Fv2%2Ftags&post=249121"}],"curies":[{"name":"wp","href":"https:\/\/api.w.org\/{rel}","templated":true}]}}