{"id":249120,"date":"2016-08-05T08:36:36","date_gmt":"2016-08-05T08:36:36","guid":{"rendered":"http:\/\/diariodominicano.ddns.net\/?p=249120"},"modified":"2016-08-05T08:36:36","modified_gmt":"2016-08-05T08:36:36","slug":"pacifico-colombiano-abrigaria-dos-reservas-de-la-biosfera-en-2017","status":"publish","type":"post","link":"https:\/\/diariodominicano.com\/?p=249120","title":{"rendered":"Pac\u00edfico colombiano abrigar\u00eda dos Reservas de la Biosfera en 2017"},"content":{"rendered":"<p><body><\/p>\n<p><img decoding=\"async\" src=\"img3\/ballenas-jorobadas.jpg\" \/>  <\/p>\n<p><span class=\"text1noticias\">Bogot\u00e1, 5 ago (PL) La regi\u00f3n chocoana de Nuqu\u00ed y Bah\u00eda Solano, adonde arriban anualmente las ballenas jorobadas, podr\u00eda convertirse en Reserva de la Biosfera en 2017 junto a Sanquianga y Gorgona, ambas en la costa del Pac\u00edfico, rese\u00f1aron hoy noticiarios locales.<\/span><\/p>\n<p><span class=\"text1noticias\"> <\/span><\/p>\n<p><span class=\"text1noticias\">A petici\u00f3n de la Unesco, expertos del Instituto de Investigaciones Ambientales desarrollan estudios integrales a fin de avalar ese t\u00edtulo, que persigue promover la conservaci\u00f3n de los ecosistemas y fortalecer la relaci\u00f3n entre el hombre y la naturaleza, precis\u00f3 el portal digital El Tiempo.<\/span><\/p>\n<p><span class=\"text1noticias\"> <\/span><\/p>\n<p><span class=\"text1noticias\">Seg\u00fan especialistas junto al impulso de estrategias conservacionistas, la idea es fomentar opciones productivas en tales territorios y particularmente el turismo ecol\u00f3gico, pero con criterios ambientalistas.<\/span><\/p>\n<p><span class=\"text1noticias\"> <\/span><\/p>\n<p><span class=\"text1noticias\">La caracterizaci\u00f3n integral de Nuqu\u00ed y Bah\u00eda Solano est\u00e1 avanzada, resta iniciar talleres con los pobladores acerca de las riquezas de esos escenarios y las maneras en que podr\u00e1n usarlos en beneficio colectivo, sin perjuicios para el entorno, coment\u00f3 William Klinger, director de la instituci\u00f3n cient\u00edfica en declaraciones al sitio web.<\/span><\/p>\n<p><span class=\"text1noticias\"> <\/span><\/p>\n<p><span class=\"text1noticias\">La Organizaci\u00f3n de Naciones Unidas para la Educaci\u00f3n, la Ciencia y la Cultura (Unesco), declar\u00f3 previamente otros cinco parajes colombianos como Reservas de la Biosfera, entre ellos sobresalen la Sierra Nevada de Santa Marta -mayor formaci\u00f3n monta\u00f1osa litoral del planeta- y Seaflower, en el mar Caribe.<\/span><\/p>\n<p><span class=\"text1noticias\"> <\/span><\/p>\n<p><span class=\"text1noticias\">Cada a\u00f1o los habitantes del chocoano municipio de Nuqu\u00ed celebran el Festival de la Migraci\u00f3n para dar la bienvenida con danzas y cantos a las ballenas jorobadas, las cuales luego de un largo viaje realizan su ritual de apareamiento frente a las playas colombianas a partir de julio y hasta noviembre.<\/span><\/p>\n<p><span class=\"text1noticias\"> <\/span><\/p>\n<p><span class=\"text1noticias\">Tal espect\u00e1culo es presenciado igualmente por lugare\u00f1os y visitantes en la vecina Bah\u00eda Solano, distinguida tambi\u00e9n por la abundancia de aves.<\/span><\/p>\n<p><span class=\"text1noticias\"> <\/span><\/p>\n<p><span class=\"text1noticias\">Mientras la subregi\u00f3n Sanquianga-Gorgona destaca por su biodive<\/span>rsidad.<\/p>\n<h6> 2016-08-05 08:36:36 <\/h6>\n<p><!--\n<link rel=\"stylesheet\" href=\"css\/bootstrap.min.css\">\n\n\n<ul class=\"pagination\">\n\t    \n\t\n\n<li >\n\t<a href='?page_no=18764'>Previous<\/a>\n\t<\/li>\n\n\n       \n    \n\n<li><a href='?page_no=1'>1<\/a><\/li>\n\n\n\n<li><a href='?page_no=2'>2<\/a><\/li>\n\n\n\n<li><a>...<\/a><\/li>\n\n\n\n<li><a href='?page_no=18763'>18763<\/a><\/li>\n\n\n\n<li><a href='?page_no=18764'>18764<\/a><\/li>\n\n\n\n<li class='active'><a>18765<\/a><\/li>\n\n\n\n<li><a href='?page_no=18766'>18766<\/a><\/li>\n\n\n\n<li><a href='?page_no=18767'>18767<\/a><\/li>\n\n\n\n<li><a>...<\/a><\/li>\n\n\n\n<li><a href='?page_no=51012'>51012<\/a><\/li>\n\n\n\n<li><a href='?page_no=51013'>51013<\/a><\/li>\n\n    \n\t\n\n<li >\n\t<a href='?page_no=18766'>Next<\/a>\n\t<\/li>\n\n\n    \n\n<li><a href='?page_no=51013'>Last &rsaquo;&rsaquo;<\/a><\/li>\n\n<\/ul>\n\n\n--><br \/>\n<\/body><\/p>\n","protected":false},"excerpt":{"rendered":"<p>Bogot\u00e1, 5 ago (PL) La regi\u00f3n chocoana de Nuqu\u00ed y Bah\u00eda Solano, adonde arriban anualmente las ballenas jorobadas, podr\u00eda convertirse en Reserva de la Biosfera en 2017 junto a Sanquianga y Gorgona, ambas en la costa del Pac\u00edfico, rese\u00f1aron hoy noticiarios locales. A petici\u00f3n de la Unesco, expertos del Instituto de Investigaciones Ambientales desarrollan estudios [&hellip;]<\/p>\n","protected":false},"author":3,"featured_media":0,"comment_status":"open","ping_status":"open","sticky":false,"template":"","format":"standard","meta":{"footnotes":""},"categories":[23],"tags":[],"class_list":["post-249120","post","type-post","status-publish","format-standard","hentry","category-internacional"],"_links":{"self":[{"href":"https:\/\/diariodominicano.com\/index.php?rest_route=\/wp\/v2\/posts\/249120","targetHints":{"allow":["GET"]}}],"collection":[{"href":"https:\/\/diariodominicano.com\/index.php?rest_route=\/wp\/v2\/posts"}],"about":[{"href":"https:\/\/diariodominicano.com\/index.php?rest_route=\/wp\/v2\/types\/post"}],"author":[{"embeddable":true,"href":"https:\/\/diariodominicano.com\/index.php?rest_route=\/wp\/v2\/users\/3"}],"replies":[{"embeddable":true,"href":"https:\/\/diariodominicano.com\/index.php?rest_route=%2Fwp%2Fv2%2Fcomments&post=249120"}],"version-history":[{"count":0,"href":"https:\/\/diariodominicano.com\/index.php?rest_route=\/wp\/v2\/posts\/249120\/revisions"}],"wp:attachment":[{"href":"https:\/\/diariodominicano.com\/index.php?rest_route=%2Fwp%2Fv2%2Fmedia&parent=249120"}],"wp:term":[{"taxonomy":"category","embeddable":true,"href":"https:\/\/diariodominicano.com\/index.php?rest_route=%2Fwp%2Fv2%2Fcategories&post=249120"},{"taxonomy":"post_tag","embeddable":true,"href":"https:\/\/diariodominicano.com\/index.php?rest_route=%2Fwp%2Fv2%2Ftags&post=249120"}],"curies":[{"name":"wp","href":"https:\/\/api.w.org\/{rel}","templated":true}]}}