{"id":249115,"date":"2016-08-06T08:13:38","date_gmt":"2016-08-06T08:13:38","guid":{"rendered":"http:\/\/diariodominicano.ddns.net\/?p=249115"},"modified":"2016-08-06T08:13:38","modified_gmt":"2016-08-06T08:13:38","slug":"japon-conmemora-el-bombardeo-atomico-en-hiroshima","status":"publish","type":"post","link":"https:\/\/diariodominicano.com\/?p=249115","title":{"rendered":"Jap\u00f3n conmemora el bombardeo at\u00f3mico en Hiroshima"},"content":{"rendered":"<p><body><\/p>\n<p><img decoding=\"async\" src=\"img3\/a5637f96bca89c7cf9082997c09adbd213ec6882.jpg\" \/>  <\/p>\n<\/p>\n<p>6 Ago 2016<\/p>\n<\/p>\n<p>JIJI PRESS\/AFP \/<\/p>\n<p>El alcalde de Hiroshima, Kazumi Matsui (d), entrega una nueva lista con los nombres de las v\u00edctimas de la bomba at\u00f3mica el 6 de agosto de 2016 en el Parque de la Paz de la ciudad japonesa<\/p>\n<p>Los japoneses conmemoraron este s\u00e1bado el primer bombardeo at\u00f3mico de la Historia, efectuado hace 71 a\u00f1os contra Hiroshima, ciudad del sur del archipi\u00e9lago visitada por primera vez este a\u00f1o por un presidente de Estados Unidos en activo.<\/p>\n<p>El 6 de agosto de 1945, a las 08H15 locales (23H15 GMT), un bombardero B-29 estadounidense bautizado &#8216;Enola Gay&#8217; arrojaba encima de esa ciudad la bomba at\u00f3mica &#8216;Little Boy&#8217; y, tres d\u00edas m\u00e1s tarde, otra bomba at\u00f3mica, &#8216;Fat Man&#8217;, arrasaba Nagasaki, lo que condujo a la rendici\u00f3n japonesa el 15 de agosto y al final de la Segunda Guerra Mundial.<\/p>\n<p>La bomba de Hiroshima caus\u00f3 una deflagraci\u00f3n que subi\u00f3 la temperatura en el suelo a 4.000 grados. &#8216;Little Boy&#8217; provoc\u00f3 el mismo d\u00eda y las semanas siguientes 140.000 muertos.<\/p>\n<p>Este s\u00e1bado, unos 50.000 japoneses, entre ellos el primer ministro, Shinzo Abe, y representantes de decenas de pa\u00edses, guardaron un minuto de silencio en el momento exacto en el que la bomba explot\u00f3 sobre Hiroshima.<\/p>\n<p>Durante la ceremonia oficial, el alcalde de la ciudad bombardeada, Kazumi Matsui, record\u00f3 la visita del presidente estadounidense, Barack Obama, en mayo y su hist\u00f3rico discurso.<\/p>\n<p>Esta visita \u00abes la prueba de que el presidente Obama comparte el profundo deseo de Hiroshima de no tolerar el &#8216;mal absoluto'\u00bb, estim\u00f3 Matsui, quien llam\u00f3 al mundo a tomar medidas para prohibir la bomba at\u00f3mica, \u00abforma \u00faltima de la inhumanidad\u00bb.<\/p>\n<p>Ning\u00fan presidente estadounidense en ejercicio hab\u00eda pasado por Hiroshima desde el final de la guerra.<\/p>\n<p>De ese momento queda la imagen fuerte de Barack Obama estrechando la mano de un superviviente y dando un abrazo a otro.<\/p>\n<p>\u00abHace 71 a\u00f1os, la muerte cay\u00f3 del cielo y el mundo cambi\u00f3\u00bb, declar\u00f3 en su discurso.<\/p>\n<p>El presidente estadounidense, que \u00abvino para rendir homenaje a los muertos\u00bb, abog\u00f3 entonces por un \u00abmundo sin armas nucleares\u00bb.<\/p>\n<p>Aunque evit\u00f3 pedir disculpas para no pronunciarse sobre la decisi\u00f3n adoptada en la \u00e9poca por su predecesor Harry Truman, su homenaje y sus breves conversaciones con los supervivientes impresionaron a muchos japoneses.<\/p>\n<p>&#8211; &#8216;Gran esperanza&#8217; &#8211;<\/p>\n<p>El primer ministro japon\u00e9s, tras depositar una corona de flores, reiter\u00f3 este s\u00e1bado que Tokio seguir\u00eda trabajando por un mundo sin armas nucleares.<\/p>\n<p>\u00abEstoy convencido de que [la visita de Obama] aport\u00f3 una gran esperanza a Jap\u00f3n, al mundo y [especialmente] a Hiroshima y Nagasaki\u00bb, dijo Abe.<\/p>\n<p>Muchos japoneses consideran la destrucci\u00f3n de estas dos ciudades como cr\u00edmenes de guerra, ya que ten\u00edan como objetivo a civiles y por su capacidad de devastaci\u00f3n sin precedentes.<\/p>\n<p>Por su parte, muchos estadounidenses consideran que estos bombardeos, que precipitaron el final de la guerra entre Estados Unidos y Jap\u00f3n, evitaron de hecho la p\u00e9rdida de m\u00e1s vidas.<\/p>\n<p>Desde que Obama visit\u00f3 Hiroshima, el parque y el museo memorial han registrado un aumento de visitantes.<\/p>\n<p>No obstante, una asociaci\u00f3n de supervivientes de la bomba at\u00f3mica critic\u00f3 su discurso de mayo, al considerar que faltaba una menci\u00f3n expl\u00edcita a la responsabilidad de Estados Unidos en el bombardeo.<\/p>\n<h6> 2016-08-06 08:13:38 <\/h6>\n<p><!--\n<link rel=\"stylesheet\" href=\"css\/bootstrap.min.css\">\n\n\n<ul class=\"pagination\">\n\t    \n\t\n\n<li >\n\t<a href='?page_no=18759'>Previous<\/a>\n\t<\/li>\n\n\n       \n    \n\n<li><a href='?page_no=1'>1<\/a><\/li>\n\n\n\n<li><a href='?page_no=2'>2<\/a><\/li>\n\n\n\n<li><a>...<\/a><\/li>\n\n\n\n<li><a href='?page_no=18758'>18758<\/a><\/li>\n\n\n\n<li><a href='?page_no=18759'>18759<\/a><\/li>\n\n\n\n<li class='active'><a>18760<\/a><\/li>\n\n\n\n<li><a href='?page_no=18761'>18761<\/a><\/li>\n\n\n\n<li><a href='?page_no=18762'>18762<\/a><\/li>\n\n\n\n<li><a>...<\/a><\/li>\n\n\n\n<li><a href='?page_no=51012'>51012<\/a><\/li>\n\n\n\n<li><a href='?page_no=51013'>51013<\/a><\/li>\n\n    \n\t\n\n<li >\n\t<a href='?page_no=18761'>Next<\/a>\n\t<\/li>\n\n\n    \n\n<li><a href='?page_no=51013'>Last &rsaquo;&rsaquo;<\/a><\/li>\n\n<\/ul>\n\n\n--><br \/>\n<\/body><\/p>\n","protected":false},"excerpt":{"rendered":"<p>6 Ago 2016 JIJI PRESS\/AFP \/ El alcalde de Hiroshima, Kazumi Matsui (d), entrega una nueva lista con los nombres de las v\u00edctimas de la bomba at\u00f3mica el 6 de agosto de 2016 en el Parque de la Paz de la ciudad japonesa Los japoneses conmemoraron este s\u00e1bado el primer bombardeo at\u00f3mico de la Historia, [&hellip;]<\/p>\n","protected":false},"author":3,"featured_media":0,"comment_status":"open","ping_status":"open","sticky":false,"template":"","format":"standard","meta":{"footnotes":""},"categories":[23],"tags":[],"class_list":["post-249115","post","type-post","status-publish","format-standard","hentry","category-internacional"],"_links":{"self":[{"href":"https:\/\/diariodominicano.com\/index.php?rest_route=\/wp\/v2\/posts\/249115","targetHints":{"allow":["GET"]}}],"collection":[{"href":"https:\/\/diariodominicano.com\/index.php?rest_route=\/wp\/v2\/posts"}],"about":[{"href":"https:\/\/diariodominicano.com\/index.php?rest_route=\/wp\/v2\/types\/post"}],"author":[{"embeddable":true,"href":"https:\/\/diariodominicano.com\/index.php?rest_route=\/wp\/v2\/users\/3"}],"replies":[{"embeddable":true,"href":"https:\/\/diariodominicano.com\/index.php?rest_route=%2Fwp%2Fv2%2Fcomments&post=249115"}],"version-history":[{"count":0,"href":"https:\/\/diariodominicano.com\/index.php?rest_route=\/wp\/v2\/posts\/249115\/revisions"}],"wp:attachment":[{"href":"https:\/\/diariodominicano.com\/index.php?rest_route=%2Fwp%2Fv2%2Fmedia&parent=249115"}],"wp:term":[{"taxonomy":"category","embeddable":true,"href":"https:\/\/diariodominicano.com\/index.php?rest_route=%2Fwp%2Fv2%2Fcategories&post=249115"},{"taxonomy":"post_tag","embeddable":true,"href":"https:\/\/diariodominicano.com\/index.php?rest_route=%2Fwp%2Fv2%2Ftags&post=249115"}],"curies":[{"name":"wp","href":"https:\/\/api.w.org\/{rel}","templated":true}]}}