{"id":249114,"date":"2016-08-06T08:18:14","date_gmt":"2016-08-06T08:18:14","guid":{"rendered":"http:\/\/diariodominicano.ddns.net\/?p=249114"},"modified":"2016-08-06T08:18:14","modified_gmt":"2016-08-06T08:18:14","slug":"al-menos-13-muertos-en-un-incendio-en-un-bar-de-la-ciudad-francesa-de-ruan","status":"publish","type":"post","link":"https:\/\/diariodominicano.com\/?p=249114","title":{"rendered":"Al menos 13 muertos en un incendio en un bar de la ciudad francesa de Ru\u00e1n"},"content":{"rendered":"<p><body><\/p>\n<p><img decoding=\"async\" src=\"img3\/af64b25e46f06e6b4854d3818971ffa425eab5d3.jpg\" \/>  <\/p>\n<\/p>\n<p>6 Ago 2016<\/p>\n<\/p>\n<p>AFP \/ Matthieu Alexandre<\/p>\n<p>La fachada quemada del bar Au Cuba Libre de Ru\u00e1n, en el norte de Francia, el 6 de agosto de 2016<\/p>\n<p>Trece personas, en su mayor\u00eda de entre 18 y 25 a\u00f1os, murieron intoxicadas el viernes por la noche en el incendio de un bar de la ciudad francesa de Ru\u00e1n (oeste), donde un grupo de j\u00f3venes festejaba un cumplea\u00f1os.<\/p>\n<p>El drama, que tambi\u00e9n dej\u00f3 cinco heridos leves y uno de gravedad, se produjo en el s\u00f3tano del bar Au Cuba Libre, situado en el centro de la ciudad y cuyo techo, seg\u00fan la polic\u00eda, pudo incendiarse probablemente por unas velas de cumplea\u00f1os.<\/p>\n<p>\u00abProfunda tristeza frente a la tragedia que se ha cobrado 13 j\u00f3venes vidas. Compasi\u00f3n y apoyo a las familias afectadas\u00bb, tuite\u00f3 el primer ministro franc\u00e9s, Manuel Valls.<\/p>\n<p>Este incendio se declar\u00f3 al filo de la medianoche.<\/p>\n<p>\u00abLos bomberos recibieron el aviso a las 00H20 [22H20 GMT del viernes] para intervenir en el bar (&#8230;) Llegaron r\u00e1pidamente\u00bb, indic\u00f3 a la AFP Yvan Cordier, secretario general de la prefectura, quien precis\u00f3 que el estado de uno de los seis heridos es cr\u00edtico.<\/p>\n<p>Las v\u00edctimas son j\u00f3venes de 18 a 25 a\u00f1os, seg\u00fan una fuente pr\u00f3xima a la investigaci\u00f3n.<\/p>\n<p>El Ministerio del Interior anunci\u00f3 la apertura de una investigaci\u00f3n judicial para determinar las causas del incendio.<\/p>\n<p>Seg\u00fan la comisar\u00eda de Ru\u00e1n, contactada por la AFP, las v\u00edctimas se intoxicaron al arder el techo de una sala situada en el s\u00f3tano del bar, cuando se encendieron velas de cumplea\u00f1os.<\/p>\n<p>&#8211; V\u00edctimas intoxicadas &#8211;<\/p>\n<p>\u00abNo se produjo ninguna explosi\u00f3n, las velas utilizadas para una fiesta de cumplea\u00f1os prendieron el techo de poliestireno y los gases liberados intoxicaron a las v\u00edctimas\u00bb, declar\u00f3 a la AFP la guardia de la comisar\u00eda.<\/p>\n<p>Citado por el diario Paris-Normandie, el fiscal adjunto de Ru\u00e1n, Laurent Labadie, insisti\u00f3 tambi\u00e9n en el \u00aborigen accidental\u00bb del incendio.<\/p>\n<p>El lugar de los hechos amaneci\u00f3 este s\u00e1bado con un per\u00edmetro de seguridad instalado por las fuerzas de seguridad delante de la devastada fachada roja de Au Cuba Libre. Dos polic\u00edas vigilaban el lugar.<\/p>\n<p>En el momento de la tragedia, Rachid Ahmayni, un ciclista de 36 a\u00f1os, pas\u00f3 delante del bar y se acerc\u00f3 \u00abenseguida para ver qu\u00e9 pasaba\u00bb, explic\u00f3 a la AFP.<\/p>\n<p>\u00abTem\u00ed que se tratara de otro atentado, pero me dijeron r\u00e1pidamente que era accidental. No pude dormir en toda la noche y he vuelto esta ma\u00f1ana para tener m\u00e1s informaci\u00f3n\u00bb, agreg\u00f3.<\/p>\n<p>La aglomeraci\u00f3n de Ru\u00e1n se vio golpeada hace dos semanas por otro drama, con el asesinato de un sacerdote en la localidad pr\u00f3xima de Saint-Etienne-du-Rouvray a manos de dos yihadistas.<\/p>\n<p>El incendio de Au Cuba Libre es el m\u00e1s mort\u00edfero registrado en Francia desde el 4 de septiembre de 2005, cuando el fuego irrumpi\u00f3 en una vivienda de L&#8217;Ha\u00ff-les-Roses, en la periferia sur de Par\u00eds, matando a 18 personas.<\/p>\n<p>El 1 de noviembre de 1970, un incendio en una discoteca de Saint-Laurent-du-Pont (este de Francia) provoc\u00f3 146 muertos, en su mayor\u00eda j\u00f3venes.<\/p>\n<h6> 2016-08-06 08:18:14 <\/h6>\n<p><!--\n<link rel=\"stylesheet\" href=\"css\/bootstrap.min.css\">\n\n\n<ul class=\"pagination\">\n\t    \n\t\n\n<li >\n\t<a href='?page_no=18758'>Previous<\/a>\n\t<\/li>\n\n\n       \n    \n\n<li><a href='?page_no=1'>1<\/a><\/li>\n\n\n\n<li><a href='?page_no=2'>2<\/a><\/li>\n\n\n\n<li><a>...<\/a><\/li>\n\n\n\n<li><a href='?page_no=18757'>18757<\/a><\/li>\n\n\n\n<li><a href='?page_no=18758'>18758<\/a><\/li>\n\n\n\n<li class='active'><a>18759<\/a><\/li>\n\n\n\n<li><a href='?page_no=18760'>18760<\/a><\/li>\n\n\n\n<li><a href='?page_no=18761'>18761<\/a><\/li>\n\n\n\n<li><a>...<\/a><\/li>\n\n\n\n<li><a href='?page_no=51012'>51012<\/a><\/li>\n\n\n\n<li><a href='?page_no=51013'>51013<\/a><\/li>\n\n    \n\t\n\n<li >\n\t<a href='?page_no=18760'>Next<\/a>\n\t<\/li>\n\n\n    \n\n<li><a href='?page_no=51013'>Last &rsaquo;&rsaquo;<\/a><\/li>\n\n<\/ul>\n\n\n--><br \/>\n<\/body><\/p>\n","protected":false},"excerpt":{"rendered":"<p>6 Ago 2016 AFP \/ Matthieu Alexandre La fachada quemada del bar Au Cuba Libre de Ru\u00e1n, en el norte de Francia, el 6 de agosto de 2016 Trece personas, en su mayor\u00eda de entre 18 y 25 a\u00f1os, murieron intoxicadas el viernes por la noche en el incendio de un bar de la ciudad [&hellip;]<\/p>\n","protected":false},"author":3,"featured_media":0,"comment_status":"open","ping_status":"open","sticky":false,"template":"","format":"standard","meta":{"footnotes":""},"categories":[23],"tags":[],"class_list":["post-249114","post","type-post","status-publish","format-standard","hentry","category-internacional"],"_links":{"self":[{"href":"https:\/\/diariodominicano.com\/index.php?rest_route=\/wp\/v2\/posts\/249114","targetHints":{"allow":["GET"]}}],"collection":[{"href":"https:\/\/diariodominicano.com\/index.php?rest_route=\/wp\/v2\/posts"}],"about":[{"href":"https:\/\/diariodominicano.com\/index.php?rest_route=\/wp\/v2\/types\/post"}],"author":[{"embeddable":true,"href":"https:\/\/diariodominicano.com\/index.php?rest_route=\/wp\/v2\/users\/3"}],"replies":[{"embeddable":true,"href":"https:\/\/diariodominicano.com\/index.php?rest_route=%2Fwp%2Fv2%2Fcomments&post=249114"}],"version-history":[{"count":0,"href":"https:\/\/diariodominicano.com\/index.php?rest_route=\/wp\/v2\/posts\/249114\/revisions"}],"wp:attachment":[{"href":"https:\/\/diariodominicano.com\/index.php?rest_route=%2Fwp%2Fv2%2Fmedia&parent=249114"}],"wp:term":[{"taxonomy":"category","embeddable":true,"href":"https:\/\/diariodominicano.com\/index.php?rest_route=%2Fwp%2Fv2%2Fcategories&post=249114"},{"taxonomy":"post_tag","embeddable":true,"href":"https:\/\/diariodominicano.com\/index.php?rest_route=%2Fwp%2Fv2%2Ftags&post=249114"}],"curies":[{"name":"wp","href":"https:\/\/api.w.org\/{rel}","templated":true}]}}