{"id":249108,"date":"2016-08-06T14:24:43","date_gmt":"2016-08-06T14:24:43","guid":{"rendered":"http:\/\/diariodominicano.ddns.net\/?p=249108"},"modified":"2016-08-06T14:24:43","modified_gmt":"2016-08-06T14:24:43","slug":"herido-en-explosion-lider-de-lugansk-donbass","status":"publish","type":"post","link":"https:\/\/diariodominicano.com\/?p=249108","title":{"rendered":"Herido en explosi\u00f3n l\u00edder de Lugansk, Donbass"},"content":{"rendered":"<p><body><\/p>\n<p><img decoding=\"async\" src=\"img3\/igor-plotnitsky.jpg\" \/>  <\/p>\n<\/p>\n<p>Kiev, 6 ago (Pl) El l\u00edder de la autoproclamada Rep\u00fablica Popular de Lugansk, Igor Plotnitsky, fue herido hoy tras estallar una bomba cerca de su autom\u00f3vil en el centro administrativo de esa regi\u00f3n del Donbass, sureste de Ucrania.<\/p>\n<\/p>\n<p>Plotnitsky recibi\u00f3 heridas a causa de una potente explosi\u00f3n esta ma\u00f1ana, que califican las autoridades populares como un intento de asesinato.<\/p>\n<\/p>\n<p>El dirigente fue conducido a uno de los hospitales de esa urbe, seg\u00fan inform\u00f3 este s\u00e1bado el Centro de Informaci\u00f3n de Lugansk.<\/p>\n<\/p>\n<p>Otras personas resultaron tambi\u00e9n heridas por las esquirlas del artefacto, que da\u00f1\u00f3 las fachadas de edificios cercanos al sitio de la detonaci\u00f3n.<\/p>\n<\/p>\n<p>Los peritos criminalistas trabajan en el lugar, acordonado por la polic\u00eda local en un radio de un kil\u00f3metro.<\/p>\n<\/p>\n<p>Ninguna organizaci\u00f3n ni individuos se adjudicaron el intento de magnicidio, tampoco las autoridades emitieron por ahora un comunicado oficial.<\/p>\n<\/p>\n<p>Intentos similares de magnicidio fueron llevados a cabo contra el l\u00edder de la autoproclamada Rep\u00fablica Popular de Donetsk, Alexandr Zajarchenko.<\/p>\n<\/p>\n<p>En junio \u00faltimo, una explosi\u00f3n ocurri\u00f3 en las inmediaciones de un hospital en el centro de Donetsk, en un atentado a uno de los comandantes de las milicias populares y jefe del batall\u00f3n de inteligencia.<\/p>\n<\/p>\n<p>Las dos regiones del Donbass declararon su separaci\u00f3n de Ucrania tras un referendo en mayo de 2014, en respuesta al golpe de Estado en Kiev en febrero de ese a\u00f1o y la operaci\u00f3n militar a gran escala iniciada por el Ej\u00e9rcito en el mes de abril contra las poblaciones de Donetsk y Lugansk.<\/p>\n<h6> 2016-08-06 14:24:43 <\/h6>\n<p><!--\n<link rel=\"stylesheet\" href=\"css\/bootstrap.min.css\">\n\n\n<ul class=\"pagination\">\n\t    \n\t\n\n<li >\n\t<a href='?page_no=18752'>Previous<\/a>\n\t<\/li>\n\n\n       \n    \n\n<li><a href='?page_no=1'>1<\/a><\/li>\n\n\n\n<li><a href='?page_no=2'>2<\/a><\/li>\n\n\n\n<li><a>...<\/a><\/li>\n\n\n\n<li><a href='?page_no=18751'>18751<\/a><\/li>\n\n\n\n<li><a href='?page_no=18752'>18752<\/a><\/li>\n\n\n\n<li class='active'><a>18753<\/a><\/li>\n\n\n\n<li><a href='?page_no=18754'>18754<\/a><\/li>\n\n\n\n<li><a href='?page_no=18755'>18755<\/a><\/li>\n\n\n\n<li><a>...<\/a><\/li>\n\n\n\n<li><a href='?page_no=51012'>51012<\/a><\/li>\n\n\n\n<li><a href='?page_no=51013'>51013<\/a><\/li>\n\n    \n\t\n\n<li >\n\t<a href='?page_no=18754'>Next<\/a>\n\t<\/li>\n\n\n    \n\n<li><a href='?page_no=51013'>Last &rsaquo;&rsaquo;<\/a><\/li>\n\n<\/ul>\n\n\n--><br \/>\n<\/body><\/p>\n","protected":false},"excerpt":{"rendered":"<p>Kiev, 6 ago (Pl) El l\u00edder de la autoproclamada Rep\u00fablica Popular de Lugansk, Igor Plotnitsky, fue herido hoy tras estallar una bomba cerca de su autom\u00f3vil en el centro administrativo de esa regi\u00f3n del Donbass, sureste de Ucrania. Plotnitsky recibi\u00f3 heridas a causa de una potente explosi\u00f3n esta ma\u00f1ana, que califican las autoridades populares como [&hellip;]<\/p>\n","protected":false},"author":3,"featured_media":0,"comment_status":"open","ping_status":"open","sticky":false,"template":"","format":"standard","meta":{"footnotes":""},"categories":[23],"tags":[],"class_list":["post-249108","post","type-post","status-publish","format-standard","hentry","category-internacional"],"_links":{"self":[{"href":"https:\/\/diariodominicano.com\/index.php?rest_route=\/wp\/v2\/posts\/249108","targetHints":{"allow":["GET"]}}],"collection":[{"href":"https:\/\/diariodominicano.com\/index.php?rest_route=\/wp\/v2\/posts"}],"about":[{"href":"https:\/\/diariodominicano.com\/index.php?rest_route=\/wp\/v2\/types\/post"}],"author":[{"embeddable":true,"href":"https:\/\/diariodominicano.com\/index.php?rest_route=\/wp\/v2\/users\/3"}],"replies":[{"embeddable":true,"href":"https:\/\/diariodominicano.com\/index.php?rest_route=%2Fwp%2Fv2%2Fcomments&post=249108"}],"version-history":[{"count":0,"href":"https:\/\/diariodominicano.com\/index.php?rest_route=\/wp\/v2\/posts\/249108\/revisions"}],"wp:attachment":[{"href":"https:\/\/diariodominicano.com\/index.php?rest_route=%2Fwp%2Fv2%2Fmedia&parent=249108"}],"wp:term":[{"taxonomy":"category","embeddable":true,"href":"https:\/\/diariodominicano.com\/index.php?rest_route=%2Fwp%2Fv2%2Fcategories&post=249108"},{"taxonomy":"post_tag","embeddable":true,"href":"https:\/\/diariodominicano.com\/index.php?rest_route=%2Fwp%2Fv2%2Ftags&post=249108"}],"curies":[{"name":"wp","href":"https:\/\/api.w.org\/{rel}","templated":true}]}}