{"id":249106,"date":"2016-08-06T14:36:07","date_gmt":"2016-08-06T14:36:07","guid":{"rendered":"http:\/\/diariodominicano.ddns.net\/?p=249106"},"modified":"2016-08-06T14:36:07","modified_gmt":"2016-08-06T14:36:07","slug":"correa-rechaza-mentiras-sobre-responsabilidad-en-caso-chevron","status":"publish","type":"post","link":"https:\/\/diariodominicano.com\/?p=249106","title":{"rendered":"&#13;Correa rechaza mentiras sobre responsabilidad en caso Chevron"},"content":{"rendered":"<p><body><\/p>\n<p><img decoding=\"async\" src=\"img3\/chevron.jpg\" \/>  <\/p>\n<\/p>\n<p>Quito, 6 ago (PL) El presidente Rafael Correa rechaz\u00f3 hoy la difusi\u00f3n de mentiras en contra de su gobierno en un pleito del Estado ecuatoriano con la petrolera estadounidense Chevron que antecede al actual Ejecutivo.<\/p>\n<\/p>\n<p>Durante su programa de rendici\u00f3n de cuentas semanal, el mandatario explic\u00f3 que el proceso judicial de la trasnacional contra Ecuador comenz\u00f3 antes de su gobierno en la d\u00e9cada de 1990 cuando Texaco -comprada a\u00f1os despu\u00e9s por Chevron- puso 17 juicios contra el Estado que no se solucionaron.<\/p>\n<\/p>\n<p>Seg\u00fan Correa, no se resolvieron parad\u00f3jicamente hasta que lleg\u00f3 su gobierno, que los gan\u00f3 pero ya era muy tarde pues basado en la demora de a\u00f1os ya Chevron hab\u00eda demandado a Ecuador por denegaci\u00f3n de justicia y a causa de ello el pa\u00eds fue condenado a pagar a la petrolera 96 millones de d\u00f3lares.<\/p>\n<\/p>\n<p>Debido a intereses, el monto se convirti\u00f3 en 112 millones, que de acuerdo con Correa decidieron pagar porque de no hacerlo Chevron planeaba tomar represalias, quebrar al pa\u00eds.<\/p>\n<\/p>\n<p>Hay que pagar, porque son convenios internacionales firmados por el Estado ecuatoriano, por gobiernos entreguistas pero Tratados de Protecci\u00f3n Rec\u00edproca de Inversiones, coment\u00f3.<\/p>\n<\/p>\n<p>El jefe de Estado insisti\u00f3 en que este caso, contrario a lo que dicen analistas opositores y probablemente asalariados de Chevron que culpan al gobierno de no respetar contratos, fueron juicios impuestos antes del inicio del presente Ejecutivo.<\/p>\n<\/p>\n<p>Correa calific\u00f3 de desastroso el sistema de justicia de Ecuador en la d\u00e9cada de 1990 que fue incapaz de resolver 17 juicios puestos por la petrolera contra el Estado, y sugiri\u00f3 la posibilidad de estar comprado por Texaco.<\/p>\n<\/p>\n<p>Adem\u00e1s, record\u00f3 que Chevron no ha pagado a los pobladores de la Amazon\u00eda ecuatoriana afectados por su actividad irresponsable una sentencia de nueve mil 500 millones de d\u00f3lares emitida aqu\u00ed en 2011 por el Tribunal Provincial de Sucumb\u00edos.<\/p>\n<\/p>\n<p>Tras ignorar ese fallo, los amaz\u00f3nicos pusieron una orden de embargo contra la trasnacional a fin de retener en este pa\u00eds cualquier pago a favor de la empresa.<\/p>\n<\/p>\n<p>En respeto a esto y debido a los planes de Chevron de aplastar al pa\u00eds si el Estado no le pagaba, Correa cont\u00f3 sobre su decisi\u00f3n de conversar con los amaz\u00f3nicos para que retiraran el embargo, pese a ser su derecho, y ellos asumieron una acci\u00f3n muy patri\u00f3tica por la cual les estar\u00e1 eternamente agradecido.<\/p>\n<\/p>\n<p>Gracias a eso no quebraron al pa\u00eds, sostuvo y manifest\u00f3 su deseo de que Chevron les pague el da\u00f1o <\/p>\n<h6> 2016-08-06 14:36:07 <\/h6>\n<p><!--\n<link rel=\"stylesheet\" href=\"css\/bootstrap.min.css\">\n\n\n<ul class=\"pagination\">\n\t    \n\t\n\n<li >\n\t<a href='?page_no=18750'>Previous<\/a>\n\t<\/li>\n\n\n       \n    \n\n<li><a href='?page_no=1'>1<\/a><\/li>\n\n\n\n<li><a href='?page_no=2'>2<\/a><\/li>\n\n\n\n<li><a>...<\/a><\/li>\n\n\n\n<li><a href='?page_no=18749'>18749<\/a><\/li>\n\n\n\n<li><a href='?page_no=18750'>18750<\/a><\/li>\n\n\n\n<li class='active'><a>18751<\/a><\/li>\n\n\n\n<li><a href='?page_no=18752'>18752<\/a><\/li>\n\n\n\n<li><a href='?page_no=18753'>18753<\/a><\/li>\n\n\n\n<li><a>...<\/a><\/li>\n\n\n\n<li><a href='?page_no=51012'>51012<\/a><\/li>\n\n\n\n<li><a href='?page_no=51013'>51013<\/a><\/li>\n\n    \n\t\n\n<li >\n\t<a href='?page_no=18752'>Next<\/a>\n\t<\/li>\n\n\n    \n\n<li><a href='?page_no=51013'>Last &rsaquo;&rsaquo;<\/a><\/li>\n\n<\/ul>\n\n\n--><br \/>\n<\/body><\/p>\n","protected":false},"excerpt":{"rendered":"<p>Quito, 6 ago (PL) El presidente Rafael Correa rechaz\u00f3 hoy la difusi\u00f3n de mentiras en contra de su gobierno en un pleito del Estado ecuatoriano con la petrolera estadounidense Chevron que antecede al actual Ejecutivo. Durante su programa de rendici\u00f3n de cuentas semanal, el mandatario explic\u00f3 que el proceso judicial de la trasnacional contra Ecuador [&hellip;]<\/p>\n","protected":false},"author":3,"featured_media":0,"comment_status":"open","ping_status":"open","sticky":false,"template":"","format":"standard","meta":{"footnotes":""},"categories":[23],"tags":[],"class_list":["post-249106","post","type-post","status-publish","format-standard","hentry","category-internacional"],"_links":{"self":[{"href":"https:\/\/diariodominicano.com\/index.php?rest_route=\/wp\/v2\/posts\/249106","targetHints":{"allow":["GET"]}}],"collection":[{"href":"https:\/\/diariodominicano.com\/index.php?rest_route=\/wp\/v2\/posts"}],"about":[{"href":"https:\/\/diariodominicano.com\/index.php?rest_route=\/wp\/v2\/types\/post"}],"author":[{"embeddable":true,"href":"https:\/\/diariodominicano.com\/index.php?rest_route=\/wp\/v2\/users\/3"}],"replies":[{"embeddable":true,"href":"https:\/\/diariodominicano.com\/index.php?rest_route=%2Fwp%2Fv2%2Fcomments&post=249106"}],"version-history":[{"count":0,"href":"https:\/\/diariodominicano.com\/index.php?rest_route=\/wp\/v2\/posts\/249106\/revisions"}],"wp:attachment":[{"href":"https:\/\/diariodominicano.com\/index.php?rest_route=%2Fwp%2Fv2%2Fmedia&parent=249106"}],"wp:term":[{"taxonomy":"category","embeddable":true,"href":"https:\/\/diariodominicano.com\/index.php?rest_route=%2Fwp%2Fv2%2Fcategories&post=249106"},{"taxonomy":"post_tag","embeddable":true,"href":"https:\/\/diariodominicano.com\/index.php?rest_route=%2Fwp%2Fv2%2Ftags&post=249106"}],"curies":[{"name":"wp","href":"https:\/\/api.w.org\/{rel}","templated":true}]}}