{"id":249105,"date":"2016-08-06T14:40:06","date_gmt":"2016-08-06T14:40:06","guid":{"rendered":"http:\/\/diariodominicano.ddns.net\/?p=249105"},"modified":"2016-08-06T14:40:06","modified_gmt":"2016-08-06T14:40:06","slug":"maduro-destaca-proeza-de-bolivar-por-la-independencia-continental","status":"publish","type":"post","link":"https:\/\/diariodominicano.com\/?p=249105","title":{"rendered":"&#13;Maduro destaca proeza de Bol\u00edvar por la independencia continental"},"content":{"rendered":"<p><body><\/p>\n<\/p>\n<p>Caracas, 6 ago (PL) El presidente de Venezuela, Nicol\u00e1s Maduro, destac\u00f3 hoy la proeza de Sim\u00f3n Bol\u00edvar en la Batalla de Jun\u00edn, durante la independencia de Am\u00e9rica del Sur.<\/p>\n<\/p>\n<p>Con esta acci\u00f3n, el Libertador evidenci\u00f3 que la unidad latinoamericana es capaz de someter a cualquier imperio, en favor de la libertad de los pueblos, escribi\u00f3 el jefe de Estado en su cuenta de Facebook.<\/p>\n<\/p>\n<p>As\u00ed, Maduro se refiri\u00f3 a la gesta \u00e9pica liderada por Bol\u00edvar, de gran importancia espec\u00edficamente en la lucha por la liberaci\u00f3n del Per\u00fa, a prop\u00f3sito de conmemorarse este s\u00e1bado el aniversario 192.<\/p>\n<\/p>\n<p>Al mando del Ej\u00e9rcito Unido Libertador, que agrupaba los ej\u00e9rcitos de la Gran Colombia (que integr\u00f3 adem\u00e1s Venezuela), Per\u00fa, Chile y las Provincias Unidas del R\u00edo de la Plata (Argentina), Bol\u00edvar derrot\u00f3 en la Pampa de Jun\u00edn a las tropas de Jos\u00e9 de Canterac y logr\u00f3 una victoria definitiva para la liberaci\u00f3n de Per\u00fa y el Alto Per\u00fa (Bolivia), subray\u00f3.<\/p>\n<\/p>\n<p>En la propia red social, el mandatario evoc\u00f3 la entrada de Bol\u00edvar a Caracas, luego de emprender la Campa\u00f1a Admirable, acci\u00f3n militar emprendida por el pr\u00f3cer para liberar a Venezuela del poder espa\u00f1ol, tras el fracaso de la Primera Rep\u00fablica.<\/p>\n<\/p>\n<p>Hace 203 a\u00f1os, Caracas, la cuna del Libertador, recibi\u00f3 con los brazos abiertos, a su hijo predilecto, que ven\u00eda triunfante desde C\u00facuta, donde inici\u00f3 la Campa\u00f1a Admirable con la cual liber\u00f3 el occidente de Venezuela, escribi\u00f3.<\/p>\n<\/p>\n<p>Asimismo, record\u00f3 el discurso de Sim\u00f3n Bol\u00edvar en aquella ocasi\u00f3n, muestra de su emoci\u00f3n y convicci\u00f3n de luchar por liberar al continente del yugo espa\u00f1ol.<\/p>\n<\/p>\n<p>Por \u00faltimo, se\u00f1al\u00f3 que a partir de entonces las calles de Caracas y sus habitantes se han mantenido firmes en la lucha por la independencia y soberan\u00eda de la naci\u00f3n, inspirado en los ideales bolivarianos.<\/p>\n<h6> 2016-08-06 14:40:06 <\/h6>\n<p><!--\n<link rel=\"stylesheet\" href=\"css\/bootstrap.min.css\">\n\n\n<ul class=\"pagination\">\n\t    \n\t\n\n<li >\n\t<a href='?page_no=18749'>Previous<\/a>\n\t<\/li>\n\n\n       \n    \n\n<li><a href='?page_no=1'>1<\/a><\/li>\n\n\n\n<li><a href='?page_no=2'>2<\/a><\/li>\n\n\n\n<li><a>...<\/a><\/li>\n\n\n\n<li><a href='?page_no=18748'>18748<\/a><\/li>\n\n\n\n<li><a href='?page_no=18749'>18749<\/a><\/li>\n\n\n\n<li class='active'><a>18750<\/a><\/li>\n\n\n\n<li><a href='?page_no=18751'>18751<\/a><\/li>\n\n\n\n<li><a href='?page_no=18752'>18752<\/a><\/li>\n\n\n\n<li><a>...<\/a><\/li>\n\n\n\n<li><a href='?page_no=51012'>51012<\/a><\/li>\n\n\n\n<li><a href='?page_no=51013'>51013<\/a><\/li>\n\n    \n\t\n\n<li >\n\t<a href='?page_no=18751'>Next<\/a>\n\t<\/li>\n\n\n    \n\n<li><a href='?page_no=51013'>Last &rsaquo;&rsaquo;<\/a><\/li>\n\n<\/ul>\n\n\n--><br \/>\n<\/body><\/p>\n","protected":false},"excerpt":{"rendered":"<p>Caracas, 6 ago (PL) El presidente de Venezuela, Nicol\u00e1s Maduro, destac\u00f3 hoy la proeza de Sim\u00f3n Bol\u00edvar en la Batalla de Jun\u00edn, durante la independencia de Am\u00e9rica del Sur. Con esta acci\u00f3n, el Libertador evidenci\u00f3 que la unidad latinoamericana es capaz de someter a cualquier imperio, en favor de la libertad de los pueblos, escribi\u00f3 [&hellip;]<\/p>\n","protected":false},"author":3,"featured_media":0,"comment_status":"open","ping_status":"open","sticky":false,"template":"","format":"standard","meta":{"footnotes":""},"categories":[23],"tags":[],"class_list":["post-249105","post","type-post","status-publish","format-standard","hentry","category-internacional"],"_links":{"self":[{"href":"https:\/\/diariodominicano.com\/index.php?rest_route=\/wp\/v2\/posts\/249105","targetHints":{"allow":["GET"]}}],"collection":[{"href":"https:\/\/diariodominicano.com\/index.php?rest_route=\/wp\/v2\/posts"}],"about":[{"href":"https:\/\/diariodominicano.com\/index.php?rest_route=\/wp\/v2\/types\/post"}],"author":[{"embeddable":true,"href":"https:\/\/diariodominicano.com\/index.php?rest_route=\/wp\/v2\/users\/3"}],"replies":[{"embeddable":true,"href":"https:\/\/diariodominicano.com\/index.php?rest_route=%2Fwp%2Fv2%2Fcomments&post=249105"}],"version-history":[{"count":0,"href":"https:\/\/diariodominicano.com\/index.php?rest_route=\/wp\/v2\/posts\/249105\/revisions"}],"wp:attachment":[{"href":"https:\/\/diariodominicano.com\/index.php?rest_route=%2Fwp%2Fv2%2Fmedia&parent=249105"}],"wp:term":[{"taxonomy":"category","embeddable":true,"href":"https:\/\/diariodominicano.com\/index.php?rest_route=%2Fwp%2Fv2%2Fcategories&post=249105"},{"taxonomy":"post_tag","embeddable":true,"href":"https:\/\/diariodominicano.com\/index.php?rest_route=%2Fwp%2Fv2%2Ftags&post=249105"}],"curies":[{"name":"wp","href":"https:\/\/api.w.org\/{rel}","templated":true}]}}