{"id":249104,"date":"2016-08-07T01:31:53","date_gmt":"2016-08-07T01:31:53","guid":{"rendered":"http:\/\/diariodominicano.ddns.net\/?p=249104"},"modified":"2016-08-07T01:31:53","modified_gmt":"2016-08-07T01:31:53","slug":"dos-policias-belgas-heridas-con-machete-por-un-hombre-al-grito-de-allahu-akbar","status":"publish","type":"post","link":"https:\/\/diariodominicano.com\/?p=249104","title":{"rendered":"Dos polic\u00edas belgas heridas con machete por un hombre al grito de \u00abAllahu akbar\u00bb"},"content":{"rendered":"<p><body><\/p>\n<p><img decoding=\"async\" src=\"img3\/7322fdc0a39e3622cf527fc02810192bb981b0d2.jpg\" \/><br \/><img decoding=\"async\" src=\"img3\/8a887ac61ce97ca522f9bc7b7cb18d1a2f857fd3.jpg\" \/>  <\/p>\n<\/p>\n<p>7 Ago 2016<\/p>\n<\/p>\n<p>BELGA\/AFP \/ Fred Dubois<\/p>\n<p>La polic\u00eda belga vigila un edificio en la ciudad de Charleroi el 6 de agosto de 2016, tras el ataque de un individuo con un machete contra unos agentes<\/p>\n<p>Un hombre armado con un machete hiri\u00f3 al grito de \u00abAllahu akbar\u00bb a dos polic\u00edas en B\u00e9lgica antes de ser abatido, en lo que parece ser el m\u00e1s reciente de una serie de ataques yihadistas en Europa.<\/p>\n<p>El ataque, que se produjo frente a una comisar\u00eda de la ciudad de Charleroi, a unos 60 kil\u00f3metros al sur de Bruselas, dej\u00f3 a una de las polic\u00edas con \u00abheridas profundas en el rostro\u00bb y a la segunda con lesiones leves, indic\u00f3 la agencia de prensa belga.<\/p>\n<p>Pero ambas est\u00e1n fuera de peligro, precis\u00f3 la polic\u00eda de esta localidad de Valonia.<\/p>\n<p>El atacante, que fue abatido por las fuerzas de seguridad, \u00abno ha sido a\u00fan identificado\u00bb, dijo el primer ministro belga Charles Michel. \u00abPero parece ser nuevamente un ataque con una connotaci\u00f3n terrorista\u00bb, agreg\u00f3.<\/p>\n<p>El agresor lleg\u00f3 a la comisar\u00eda a alrededor de las 16H00. \u00abDe inmediato sac\u00f3 un machete de la bolsa de deporte que llevaba y atac\u00f3 a las dos oficiales que estaban de guardia frente de la estaci\u00f3n de polic\u00eda al grito de &#8216;Allahu akbar&#8217; (Dios es grande)\u00bb, explic\u00f3 el portavoz de la polic\u00eda de Charleroi, David Quinaux, en RTL-TVI.<\/p>\n<\/p>\n<p>AFP \/ &#8211;<\/p>\n<p>Mapa de localizaci\u00f3n de un ataque con machete en Charleroi, B\u00e9lgica <\/p>\n<p>Una tercera polic\u00eda abri\u00f3 fuego y abati\u00f3 al agresor, que falleci\u00f3 en el hospital.<\/p>\n<p>Poco despu\u00e9s de las 20H00, la polic\u00eda segu\u00eda fuertemente desplegada frente a la comisar\u00eda, con una docena de veh\u00edculos y unos veinte agentes, seg\u00fan un periodista de la AFP.<\/p>\n<p>El nivel de alerta terrorista en B\u00e9lgica, cuya capital fue v\u00edctima de ataques coordinados en el aeropuerto y en una estaci\u00f3n de metro el pasado 22 de marzo, est\u00e1 en el nivel 3 en una escala de 4.<\/p>\n<p>El ataque de marzo, en el que murieron 32 personas, fue reivindicado por el grupo yihadista Estado Isl\u00e1mico (EI).<\/p>\n<p>&#8211; Un acto vil &#8211;<\/p>\n<p>En una reuni\u00f3n tras esta agresi\u00f3n, el organismo encargado de evaluar el nivel de alerta decidi\u00f3 por el momento mantenerlo al nivel actual, dijo el ministro belga del Interior belga Jan Jambon, que conden\u00f3 la agresi\u00f3n, un \u00abacto vil\u00bb, seg\u00fan escribi\u00f3 en su cuenta Twitter.<\/p>\n<p>Desde los atentados de Par\u00eds del 13 de noviembre de 2015, que fueron preparados en B\u00e9lgica y en los que participaron yihadistas belgas, la polic\u00eda de ese pa\u00eds ha realizado decenas de allanamientos antiterroristas.<\/p>\n<p>El 30 de julio, dos individuos fueron detenidos en Valonia, en la regi\u00f3n de Mons (oeste) y de Lieja (este), sospechosos de estar vinculados con proyectos de atentados, seg\u00fan la fiscal\u00eda belga.<\/p>\n<p>La justicia belga indic\u00f3 que estos arrestos no estaban relacionados con los atentados del 22 de marzo.<\/p>\n<p>El 25 de junio, la polic\u00eda detuvo a dos hombres durante operativos antiterroristas en Verviers (este) y Tournai, cerca de la frontera con Francia. Ambos fueron acusados de \u00abparticipaci\u00f3n en actividades de un grupo terrorista\u00bb.<\/p>\n<p>Seg\u00fan medias belgas, uno de estos sospechosos quer\u00eda hacerse estallar en B\u00e9lgica durante una retransmisi\u00f3n p\u00fablica de un partido de la Eurocopa de f\u00fatbol 2016.<\/p>\n<p>Seg\u00fan el ministro belga del Interior, 457 hombres y mujeres belgas se han ido o han intentado ir a combatir a Siria o Irak.<\/p>\n<p>Entre estas personas, 266 siguen en Siria o Irak y 90 est\u00e1n desaparecidas, y probablemente muertas, seg\u00fan el \u00d3rgano belga de Coordinaci\u00f3n para el An\u00e1lisis de la Amenaza (OCAM)<\/p>\n<h6> 2016-08-07 01:31:53 <\/h6>\n<p><!--\n<link rel=\"stylesheet\" href=\"css\/bootstrap.min.css\">\n\n\n<ul class=\"pagination\">\n\t    \n\t\n\n<li >\n\t<a href='?page_no=18748'>Previous<\/a>\n\t<\/li>\n\n\n       \n    \n\n<li><a href='?page_no=1'>1<\/a><\/li>\n\n\n\n<li><a href='?page_no=2'>2<\/a><\/li>\n\n\n\n<li><a>...<\/a><\/li>\n\n\n\n<li><a href='?page_no=18747'>18747<\/a><\/li>\n\n\n\n<li><a href='?page_no=18748'>18748<\/a><\/li>\n\n\n\n<li class='active'><a>18749<\/a><\/li>\n\n\n\n<li><a href='?page_no=18750'>18750<\/a><\/li>\n\n\n\n<li><a href='?page_no=18751'>18751<\/a><\/li>\n\n\n\n<li><a>...<\/a><\/li>\n\n\n\n<li><a href='?page_no=51012'>51012<\/a><\/li>\n\n\n\n<li><a href='?page_no=51013'>51013<\/a><\/li>\n\n    \n\t\n\n<li >\n\t<a href='?page_no=18750'>Next<\/a>\n\t<\/li>\n\n\n    \n\n<li><a href='?page_no=51013'>Last &rsaquo;&rsaquo;<\/a><\/li>\n\n<\/ul>\n\n\n--><br \/>\n<\/body><\/p>\n","protected":false},"excerpt":{"rendered":"<p>7 Ago 2016 BELGA\/AFP \/ Fred Dubois La polic\u00eda belga vigila un edificio en la ciudad de Charleroi el 6 de agosto de 2016, tras el ataque de un individuo con un machete contra unos agentes Un hombre armado con un machete hiri\u00f3 al grito de \u00abAllahu akbar\u00bb a dos polic\u00edas en B\u00e9lgica antes de [&hellip;]<\/p>\n","protected":false},"author":3,"featured_media":0,"comment_status":"open","ping_status":"open","sticky":false,"template":"","format":"standard","meta":{"footnotes":""},"categories":[23],"tags":[],"class_list":["post-249104","post","type-post","status-publish","format-standard","hentry","category-internacional"],"_links":{"self":[{"href":"https:\/\/diariodominicano.com\/index.php?rest_route=\/wp\/v2\/posts\/249104","targetHints":{"allow":["GET"]}}],"collection":[{"href":"https:\/\/diariodominicano.com\/index.php?rest_route=\/wp\/v2\/posts"}],"about":[{"href":"https:\/\/diariodominicano.com\/index.php?rest_route=\/wp\/v2\/types\/post"}],"author":[{"embeddable":true,"href":"https:\/\/diariodominicano.com\/index.php?rest_route=\/wp\/v2\/users\/3"}],"replies":[{"embeddable":true,"href":"https:\/\/diariodominicano.com\/index.php?rest_route=%2Fwp%2Fv2%2Fcomments&post=249104"}],"version-history":[{"count":0,"href":"https:\/\/diariodominicano.com\/index.php?rest_route=\/wp\/v2\/posts\/249104\/revisions"}],"wp:attachment":[{"href":"https:\/\/diariodominicano.com\/index.php?rest_route=%2Fwp%2Fv2%2Fmedia&parent=249104"}],"wp:term":[{"taxonomy":"category","embeddable":true,"href":"https:\/\/diariodominicano.com\/index.php?rest_route=%2Fwp%2Fv2%2Fcategories&post=249104"},{"taxonomy":"post_tag","embeddable":true,"href":"https:\/\/diariodominicano.com\/index.php?rest_route=%2Fwp%2Fv2%2Ftags&post=249104"}],"curies":[{"name":"wp","href":"https:\/\/api.w.org\/{rel}","templated":true}]}}