{"id":249102,"date":"2016-08-07T18:19:11","date_gmt":"2016-08-07T18:19:11","guid":{"rendered":"http:\/\/diariodominicano.ddns.net\/?p=249102"},"modified":"2016-08-07T18:19:11","modified_gmt":"2016-08-07T18:19:11","slug":"el-ei-reivindica-el-ataque-con-machete-contra-dos-policias-en-belgica","status":"publish","type":"post","link":"https:\/\/diariodominicano.com\/?p=249102","title":{"rendered":"El EI reivindica el ataque con machete contra dos polic\u00edas en B\u00e9lgica"},"content":{"rendered":"<p><body><\/p>\n<p><img decoding=\"async\" src=\"img3\/707a22aa175481faef14b78894eb418858285d7a.jpg\" \/>  <\/p>\n<\/p>\n<p><strong>BELGA\/AFP \/ Nicolas Maeterlinck<\/strong><\/p>\n<p><strong>El primer ministro belga, Charles Michel, habla sobre el ataque con un machete contra dos polic\u00edas, el 7 de agosto de 2016 en Bruselas<\/strong><\/p>\n<p>El grupo yihadista Estado Isl\u00e1mico (EI) reivindic\u00f3 este domingo el ataque en el que fueron heridas con machete dos polic\u00edas en la ciudad de Charleroi, cuyo autor fue identificado por la justicia belga como un argelino de 33 a\u00f1os que hab\u00eda cometido antes \u00abdelitos comunes\u00bb.<\/p>\n<p>El EI afirm\u00f3 que el atacante era un \u00absoldado\u00bb del grupo. \u00abEl agresor de Charleroi\u00bb, abatido el s\u00e1bado por la polic\u00eda belga, \u00abes un soldado del EI que realiz\u00f3 esta acci\u00f3n en respuesta a los llamamientos a atacar a la poblaci\u00f3n de los pa\u00edses de la coalici\u00f3n cruzada\u00bb liderada por Estados Unidos, que bombardea al grupo en Irak y Siria, escribi\u00f3 la agencia de propaganda del grupo, Amaq.<\/p>\n<p>El asaltante fue abatido el s\u00e1bado por la polic\u00eda. Este domingo, la fiscal\u00eda belga identific\u00f3 al autor como un ciudadano argelino de 33 a\u00f1os que ten\u00eda un historial \u00abpor delitos comunes pero no por actos terroristas\u00bb.<\/p>\n<p>\u00abEl agresor ha sido identificado. Se trata de K.B., un hombre de 33 a\u00f1os, de nacionalidad argelina, residente en B\u00e9lgica desde 2012\u00bb, precis\u00f3 esa instancia en un comunicado.<\/p>\n<p>La agresi\u00f3n, que tuvo lugar en Charleroi (sur de B\u00e9lgica), fue clasificada como \u00abtentativa de asesinato terrorista\u00bb, anunci\u00f3 este domingo por la ma\u00f1ana el primer ministro, Charles Michel.<\/p>\n<p>&#8211; Nnvel de alerta terrorista 3 &#8211;<\/p>\n<p>La fiscal\u00eda general agreg\u00f3 en un comunicado que \u00abya se han realizado dos registros en la circunscripci\u00f3n de Charleroi\u00bb, la ciudad valona ubicada a unos 60 kil\u00f3metros al sur de Bruselas, donde tuvo lugar la agresi\u00f3n. Un juez de instrucci\u00f3n especializado en terrorismo tom\u00f3 a su cargo el caso.<\/p>\n<p>Las dos polic\u00edas atacadas delante de la jefatura de polic\u00eda de la ciudad al grito de \u00ab\u00a1Allah Akbar!\u00bb, hacia las 16H00 locales (14H00 GMT), \u00abresultaron gravemente heridas en sus rostros y cuellos\u00bb, indic\u00f3 la fiscal\u00eda, as\u00ed como el portavoz de la polic\u00eda local, David Quinaux, ante los micr\u00f3fonos de RTL-TV1.<\/p>\n<p>Un tercer polic\u00eda presente en el lugar dispar\u00f3 su arma contra el agresor, quien muri\u00f3 m\u00e1s tarde en el hospital.<\/p>\n<p>Seg\u00fan la agencia Belga, a ambas mujeres, cuyas vidas no corren peligro, se les indujo el estado de coma artificial para ser operadas.<\/p>\n<p>Reunido desde el mismo s\u00e1bado, el organismo independiente encargado de la evaluaci\u00f3n de la amenaza terrorista en B\u00e9lgica decidi\u00f3 mantener al actual nivel sin cambiarlo.<\/p>\n<p>B\u00e9lgica, donde el nivel de alerta terrorista se sit\u00faa en 3 en una escala de 4, ya fue blanco de un atentado el 22 de marzo en el aeropuerto internacional de Bruselas y en la estaci\u00f3n de metro de Maelbeek en la capital, que dej\u00f3 32 muertos.<\/p>\n<p>El nivel 3 equivale a una expectativa de amenaza terrorista \u00abposible y veros\u00edmil\u00bb.<\/p>\n<p>Este domingo, el primer ministro belga saludo \u00abel coraje excepcional de las polic\u00edas que sufrieron este grave ataque\u00bb, tras una reuni\u00f3n en Bruselas de los servicios de seguridad.<\/p>\n<p>La polic\u00eda \u00abhizo lo que hab\u00eda que hacer, y sin lugar a dudas se evit\u00f3 una tragedia que pudo haber sido todav\u00eda mayor\u00bb, a\u00f1adi\u00f3, se\u00f1alando que se han \u00abdado indicaciones para elevar el nivel de seguridad\u00bb de sus agentes.<\/p>\n<p>Al igual que los anteriores, los ataques fueron tambi\u00e9n reivindicados por el EI, que se ha atribuido la responsabilidad de varios atentados en diferentes partes de Europa en el \u00faltimo a\u00f1o.<\/p>\n<h6> 2016-08-07 18:19:11 <\/h6>\n<p><!--\n<link rel=\"stylesheet\" href=\"css\/bootstrap.min.css\">\n\n\n<ul class=\"pagination\">\n\t    \n\t\n\n<li >\n\t<a href='?page_no=18746'>Previous<\/a>\n\t<\/li>\n\n\n       \n    \n\n<li><a href='?page_no=1'>1<\/a><\/li>\n\n\n\n<li><a href='?page_no=2'>2<\/a><\/li>\n\n\n\n<li><a>...<\/a><\/li>\n\n\n\n<li><a href='?page_no=18745'>18745<\/a><\/li>\n\n\n\n<li><a href='?page_no=18746'>18746<\/a><\/li>\n\n\n\n<li class='active'><a>18747<\/a><\/li>\n\n\n\n<li><a href='?page_no=18748'>18748<\/a><\/li>\n\n\n\n<li><a href='?page_no=18749'>18749<\/a><\/li>\n\n\n\n<li><a>...<\/a><\/li>\n\n\n\n<li><a href='?page_no=51012'>51012<\/a><\/li>\n\n\n\n<li><a href='?page_no=51013'>51013<\/a><\/li>\n\n    \n\t\n\n<li >\n\t<a href='?page_no=18748'>Next<\/a>\n\t<\/li>\n\n\n    \n\n<li><a href='?page_no=51013'>Last &rsaquo;&rsaquo;<\/a><\/li>\n\n<\/ul>\n\n\n--><br \/>\n<\/body><\/p>\n","protected":false},"excerpt":{"rendered":"<p>BELGA\/AFP \/ Nicolas Maeterlinck El primer ministro belga, Charles Michel, habla sobre el ataque con un machete contra dos polic\u00edas, el 7 de agosto de 2016 en Bruselas El grupo yihadista Estado Isl\u00e1mico (EI) reivindic\u00f3 este domingo el ataque en el que fueron heridas con machete dos polic\u00edas en la ciudad de Charleroi, cuyo autor [&hellip;]<\/p>\n","protected":false},"author":3,"featured_media":0,"comment_status":"open","ping_status":"open","sticky":false,"template":"","format":"standard","meta":{"footnotes":""},"categories":[23],"tags":[],"class_list":["post-249102","post","type-post","status-publish","format-standard","hentry","category-internacional"],"_links":{"self":[{"href":"https:\/\/diariodominicano.com\/index.php?rest_route=\/wp\/v2\/posts\/249102","targetHints":{"allow":["GET"]}}],"collection":[{"href":"https:\/\/diariodominicano.com\/index.php?rest_route=\/wp\/v2\/posts"}],"about":[{"href":"https:\/\/diariodominicano.com\/index.php?rest_route=\/wp\/v2\/types\/post"}],"author":[{"embeddable":true,"href":"https:\/\/diariodominicano.com\/index.php?rest_route=\/wp\/v2\/users\/3"}],"replies":[{"embeddable":true,"href":"https:\/\/diariodominicano.com\/index.php?rest_route=%2Fwp%2Fv2%2Fcomments&post=249102"}],"version-history":[{"count":0,"href":"https:\/\/diariodominicano.com\/index.php?rest_route=\/wp\/v2\/posts\/249102\/revisions"}],"wp:attachment":[{"href":"https:\/\/diariodominicano.com\/index.php?rest_route=%2Fwp%2Fv2%2Fmedia&parent=249102"}],"wp:term":[{"taxonomy":"category","embeddable":true,"href":"https:\/\/diariodominicano.com\/index.php?rest_route=%2Fwp%2Fv2%2Fcategories&post=249102"},{"taxonomy":"post_tag","embeddable":true,"href":"https:\/\/diariodominicano.com\/index.php?rest_route=%2Fwp%2Fv2%2Ftags&post=249102"}],"curies":[{"name":"wp","href":"https:\/\/api.w.org\/{rel}","templated":true}]}}