{"id":249101,"date":"2016-08-07T18:30:35","date_gmt":"2016-08-07T18:30:35","guid":{"rendered":"http:\/\/diariodominicano.ddns.net\/?p=249101"},"modified":"2016-08-07T18:30:35","modified_gmt":"2016-08-07T18:30:35","slug":"multitudinaria-manifestacion-en-estambul-contra-golpe-de-estado-fallido","status":"publish","type":"post","link":"https:\/\/diariodominicano.com\/?p=249101","title":{"rendered":"Multitudinaria manifestaci\u00f3n en Estambul contra golpe de Estado fallido"},"content":{"rendered":"<p><body><\/p>\n<p><img decoding=\"async\" src=\"img3\/6bdb7f38c0521a4a79ff3cf1bb521fb4005424d1.jpg\" \/><br \/><img decoding=\"async\" src=\"img3\/92cecdb74411559c5d323cebde52379279b19a2d.jpg\" \/><br \/><img decoding=\"async\" src=\"img3\/170645c4880d76224443fd7efa184a01b6d3a364.jpg\" \/>  <\/p>\n<\/p>\n<p><strong>AFP \/ Ozan Kose<\/strong><\/p>\n<p><strong>Unos manifestantes ondean banderas turcas en una marcha convocada el 7 de agosto de 2016 en Estambul contra el fallido golpe de Estado<\/strong><\/p>\n<p>Cientos de miles de personas se congregaron este domingo en Estambul en una nueva manifestaci\u00f3n prodemocracia en apoyo al presidente Recep Tayyip Erdogan tras el fallido intento de golpe de Estado.<\/p>\n<p>Una marea humana roja, del color de la bandera turca, invadi\u00f3 el distrito de Yenikapi, casi tres semanas despu\u00e9s de la intentona golpista del 15 de julio.<\/p>\n<p>Los diarios progubernamentales anunciaron una participaci\u00f3n de hasta casi tres millones de personas.<\/p>\n<p>Erdogan, quien tom\u00f3 la palabra al cierre de esta movilizaci\u00f3n \u00abpor la democracia y los m\u00e1rtires\u00bb, volvi\u00f3 a mencionar la posibilidad de restablecer la pena de muerte en Turqu\u00eda.<\/p>\n<p>\u00abSi el pueblo quiere la pena de muerte, los partidos respetar\u00e1n su voluntad\u00bb, dijo el jefe de Estado turco frente a sus simpatizantes, que clamaban a favor de esta medida.<\/p>\n<\/p>\n<p>AFP \/ Adem Altan<\/p>\n<p>Un ni\u00f1o gesticula en una manifestaci\u00f3n el 7 de agosto de 2016 <\/p>\n<p>\u00abAparentemente, no hay pena capital en Europa, pero s\u00ed la hay en Estados Unidos, en Jap\u00f3n, en China\u00bb, destac\u00f3 Erdogan.<\/p>\n<p>El restablecimiento de la pena de muerte en Turqu\u00eda, que fue abolida en 2004, marcar\u00eda el fin de las negociaciones de adhesi\u00f3n de este pa\u00eds a la Uni\u00f3n Europea.<\/p>\n<p>Agravar\u00eda tambi\u00e9n las inquietudes en el extranjero sobre la deriva autoritaria del presidente Erdogan.<\/p>\n<p>Esta movilizaci\u00f3n, organizada por el gobernante Partido de la Justicia y el Desarrollo (AKP), deb\u00eda marcar oficialmente el fin de las manifestaciones diarias organizadas desde que una facci\u00f3n del ej\u00e9rcito turco intentara el mes pasado tomar el poder.<\/p>\n<p>Pero Erdogan anunci\u00f3 una \u00faltima manifestaci\u00f3n para el mi\u00e9rcoles.<\/p>\n<p>&#8211; Apoyo de la oposici\u00f3n &#8211;<\/p>\n<p>Esta manifestaci\u00f3n gigante permiti\u00f3 adem\u00e1s a Erdogan mostrar que goza del apoyo de la oposici\u00f3n.<\/p>\n<p>Los principales partidos de la oposici\u00f3n estuvieron presentes, salvo el partido prokurdo HDP, que fue excluido debido a sus presuntos v\u00ednculos con la guerrilla del PKK.<\/p>\n<p>El gobierno responsabiliza a Fethullah G\u00fclen, un predicador exiliado en Estados Unidos, del intento de golpe y exige su extradici\u00f3n.<\/p>\n<p>El golpe fallido desencaden\u00f3 una purga implacable de los presuntos seguidores de G\u00fclen, en el ej\u00e9rcito, la justicia, la educaci\u00f3n y la prensa, con m\u00e1s de 60.000 despidos y detenciones.<\/p>\n<p>El l\u00edder del Partido de Acci\u00f3n Nacionalista (MHP, derecha), Devlet Bahceli, rindi\u00f3 un homenaje al pueblo turco y retom\u00f3 la ret\u00f3rica del gobierno, aprobando impl\u00edcitamente las purgas masivas contra los \u00abgulenistas\u00bb.<\/p>\n<p>\u00abNo hay otra opci\u00f3n que la de deshacerse de FETO (t\u00e9rmino que designa las redes de G\u00fclen) en la sociedad, porque est\u00e1 escondido como un c\u00e1ncer\u00bb, declar\u00f3.<\/p>\n<p>\u00abVamos a vivir como hermanos y hermanas\u00bb, dijo por su parte el dirigente del principal partido de oposici\u00f3n, el Partido Republicano del Pueblo (CHP, socialdem\u00f3crata), Kemal Kilicdaroglu, quien aplaudi\u00f3 este \u00abimportante d\u00eda para la democracia turca\u00bb.<\/p>\n<p>\u00abEsta organizaci\u00f3n terrorista ha prosperado dentro del ej\u00e9rcito y en todo el Estado\u00bb, asegur\u00f3, haci\u00e9ndose eco del mensaje del gobierno.<\/p>\n<\/p>\n<p>AFP \/ Bulent KIlic<\/p>\n<p>Miles de turcos marchan contra el intento de golpe el 7 de agosto de 2016 en Estambul<\/p>\n<p>&#8211; &#8216;Dispuestos a morir&#8217; &#8211;<\/p>\n<p>Los habitantes de Estambul, basti\u00f3n de Erdogan, mostraron tambi\u00e9n su apoyo al presidente.<\/p>\n<p>\u00abEstamos aqu\u00ed por nuestro pa\u00eds, para protegerlo, no vamos a dejar a nuestro pa\u00eds en manos de bandidos\u00bb, dijo Ramazan, un manifestante de 65 a\u00f1os.<\/p>\n<p>Otro manifestante, Huseyin Albayrak, fue m\u00e1s all\u00e1: \u00abEstamos dispuestos a morir por nuestro presidente. Estamos aqu\u00ed desde esta ma\u00f1ana y si nos pide que permanezcamos aqu\u00ed hasta ma\u00f1ana, nos quedaremos\u00bb.<\/p>\n<p>M\u00e1s de 15.000 polic\u00edas fueron desplegados en la gigantesca plaza de Yenikapi. Estambul ha sido blanco de varios atentados islamistas o prokurdos.<\/p>\n<p>La manifestaci\u00f3n, a la que asistieron las familias de los 239 \u00abm\u00e1rtires\u00bb del golpe fallido, que dej\u00f3 273 muertos, contando a los insurgentes, fue retransmitida en pantallas gigantes en todo el pa\u00eds.<\/p>\n<h6> 2016-08-07 18:30:35 <\/h6>\n<p><!--\n<link rel=\"stylesheet\" href=\"css\/bootstrap.min.css\">\n\n\n<ul class=\"pagination\">\n\t    \n\t\n\n<li >\n\t<a href='?page_no=18745'>Previous<\/a>\n\t<\/li>\n\n\n       \n    \n\n<li><a href='?page_no=1'>1<\/a><\/li>\n\n\n\n<li><a href='?page_no=2'>2<\/a><\/li>\n\n\n\n<li><a>...<\/a><\/li>\n\n\n\n<li><a href='?page_no=18744'>18744<\/a><\/li>\n\n\n\n<li><a href='?page_no=18745'>18745<\/a><\/li>\n\n\n\n<li class='active'><a>18746<\/a><\/li>\n\n\n\n<li><a href='?page_no=18747'>18747<\/a><\/li>\n\n\n\n<li><a href='?page_no=18748'>18748<\/a><\/li>\n\n\n\n<li><a>...<\/a><\/li>\n\n\n\n<li><a href='?page_no=51012'>51012<\/a><\/li>\n\n\n\n<li><a href='?page_no=51013'>51013<\/a><\/li>\n\n    \n\t\n\n<li >\n\t<a href='?page_no=18747'>Next<\/a>\n\t<\/li>\n\n\n    \n\n<li><a href='?page_no=51013'>Last &rsaquo;&rsaquo;<\/a><\/li>\n\n<\/ul>\n\n\n--><br \/>\n<\/body><\/p>\n","protected":false},"excerpt":{"rendered":"<p>AFP \/ Ozan Kose Unos manifestantes ondean banderas turcas en una marcha convocada el 7 de agosto de 2016 en Estambul contra el fallido golpe de Estado Cientos de miles de personas se congregaron este domingo en Estambul en una nueva manifestaci\u00f3n prodemocracia en apoyo al presidente Recep Tayyip Erdogan tras el fallido intento de [&hellip;]<\/p>\n","protected":false},"author":3,"featured_media":0,"comment_status":"open","ping_status":"open","sticky":false,"template":"","format":"standard","meta":{"footnotes":""},"categories":[23],"tags":[],"class_list":["post-249101","post","type-post","status-publish","format-standard","hentry","category-internacional"],"_links":{"self":[{"href":"https:\/\/diariodominicano.com\/index.php?rest_route=\/wp\/v2\/posts\/249101","targetHints":{"allow":["GET"]}}],"collection":[{"href":"https:\/\/diariodominicano.com\/index.php?rest_route=\/wp\/v2\/posts"}],"about":[{"href":"https:\/\/diariodominicano.com\/index.php?rest_route=\/wp\/v2\/types\/post"}],"author":[{"embeddable":true,"href":"https:\/\/diariodominicano.com\/index.php?rest_route=\/wp\/v2\/users\/3"}],"replies":[{"embeddable":true,"href":"https:\/\/diariodominicano.com\/index.php?rest_route=%2Fwp%2Fv2%2Fcomments&post=249101"}],"version-history":[{"count":0,"href":"https:\/\/diariodominicano.com\/index.php?rest_route=\/wp\/v2\/posts\/249101\/revisions"}],"wp:attachment":[{"href":"https:\/\/diariodominicano.com\/index.php?rest_route=%2Fwp%2Fv2%2Fmedia&parent=249101"}],"wp:term":[{"taxonomy":"category","embeddable":true,"href":"https:\/\/diariodominicano.com\/index.php?rest_route=%2Fwp%2Fv2%2Fcategories&post=249101"},{"taxonomy":"post_tag","embeddable":true,"href":"https:\/\/diariodominicano.com\/index.php?rest_route=%2Fwp%2Fv2%2Ftags&post=249101"}],"curies":[{"name":"wp","href":"https:\/\/api.w.org\/{rel}","templated":true}]}}