{"id":249100,"date":"2016-08-07T18:50:55","date_gmt":"2016-08-07T18:50:55","guid":{"rendered":"http:\/\/diariodominicano.ddns.net\/?p=249100"},"modified":"2016-08-07T18:50:55","modified_gmt":"2016-08-07T18:50:55","slug":"fuerzas-armadas-de-bolivia-celebran-aniversario-191-de-su-fundacion","status":"publish","type":"post","link":"https:\/\/diariodominicano.com\/?p=249100","title":{"rendered":"Fuerzas Armadas de Bolivia celebran aniversario 191 de su fundaci\u00f3n"},"content":{"rendered":"<p><body><\/p>\n<p><img decoding=\"async\" src=\"img3\/bolivia-aniversario.jpg\" \/>  <\/p>\n<\/p>\n<\/p>\n<p><strong>La Paz, 7 ago (PL)<\/strong> Las Fuerzas Armadas (FFAA) de Bolivia reiteraron hoy el compromiso de defender la soberan\u00eda nacional, garantizar la estabilidad del Estado y participar en el desarrollo del pa\u00eds, en ocasi\u00f3n de su aniversario 191.<\/p>\n<\/p>\n<p>Comprometidos con el proceso democr\u00e1tico, asumimos conjuntamente con el pueblo la tarea de servir y trabajar en beneficio del Estado Plurinacional para el logro del Vivir Bien, declar\u00f3 el comandante en jefe de las FFAA, Juan Dur\u00e1n.<\/p>\n<\/p>\n<p>El militar habl\u00f3 en Santa Cruz, momentos antes del comienzo del desfile c\u00edvico militar por el aniversario de la instituci\u00f3n, efectuado en el Camb\u00f3dromo de esa ciudad oriental.<\/p>\n<\/p>\n<p>Dur\u00e1n reconoci\u00f3 los profundos cambios registrados en el pa\u00eds durante la \u00faltima d\u00e9cada y afirm\u00f3 que hoy el ej\u00e9rcito es independiente y est\u00e1 al lado del pueblo.<\/p>\n<\/p>\n<p>\u00abHoy la patria ha cambiado, pensamos y actuamos por nosotros mismos. Hoy hacemos realidad nuestros sue\u00f1os porque somos capaces de afrontar los desaf\u00edos con valent\u00eda y coraje\u00bb, dijo.<\/p>\n<\/p>\n<p>El comandante record\u00f3 que en la actualidad las FFAA se han integrado a la poblaci\u00f3n boliviana para cumplir diferentes roles, entre ellos defender la democracia y los recursos naturales.<\/p>\n<\/p>\n<p>Asimismo, colaboran en actividades que benefician directamente al pueblo como la lucha contra los desastres naturales, los actos il\u00edcitos y la protecci\u00f3n de parques.<\/p>\n<\/p>\n<p>Tambi\u00e9n ayudan en el pago del bono Juancito Pinto y la Renta de la Dignidad, establecidos por el Gobierno en apoyo a la infancia y a las personas de la tercera edad.<\/p>\n<h6> 2016-08-07 18:50:55 <\/h6>\n<p><!--\n<link rel=\"stylesheet\" href=\"css\/bootstrap.min.css\">\n\n\n<ul class=\"pagination\">\n\t    \n\t\n\n<li >\n\t<a href='?page_no=18744'>Previous<\/a>\n\t<\/li>\n\n\n       \n    \n\n<li><a href='?page_no=1'>1<\/a><\/li>\n\n\n\n<li><a href='?page_no=2'>2<\/a><\/li>\n\n\n\n<li><a>...<\/a><\/li>\n\n\n\n<li><a href='?page_no=18743'>18743<\/a><\/li>\n\n\n\n<li><a href='?page_no=18744'>18744<\/a><\/li>\n\n\n\n<li class='active'><a>18745<\/a><\/li>\n\n\n\n<li><a href='?page_no=18746'>18746<\/a><\/li>\n\n\n\n<li><a href='?page_no=18747'>18747<\/a><\/li>\n\n\n\n<li><a>...<\/a><\/li>\n\n\n\n<li><a href='?page_no=51012'>51012<\/a><\/li>\n\n\n\n<li><a href='?page_no=51013'>51013<\/a><\/li>\n\n    \n\t\n\n<li >\n\t<a href='?page_no=18746'>Next<\/a>\n\t<\/li>\n\n\n    \n\n<li><a href='?page_no=51013'>Last &rsaquo;&rsaquo;<\/a><\/li>\n\n<\/ul>\n\n\n--><br \/>\n<\/body><\/p>\n","protected":false},"excerpt":{"rendered":"<p>La Paz, 7 ago (PL) Las Fuerzas Armadas (FFAA) de Bolivia reiteraron hoy el compromiso de defender la soberan\u00eda nacional, garantizar la estabilidad del Estado y participar en el desarrollo del pa\u00eds, en ocasi\u00f3n de su aniversario 191. Comprometidos con el proceso democr\u00e1tico, asumimos conjuntamente con el pueblo la tarea de servir y trabajar en [&hellip;]<\/p>\n","protected":false},"author":3,"featured_media":0,"comment_status":"open","ping_status":"open","sticky":false,"template":"","format":"standard","meta":{"footnotes":""},"categories":[23],"tags":[],"class_list":["post-249100","post","type-post","status-publish","format-standard","hentry","category-internacional"],"_links":{"self":[{"href":"https:\/\/diariodominicano.com\/index.php?rest_route=\/wp\/v2\/posts\/249100","targetHints":{"allow":["GET"]}}],"collection":[{"href":"https:\/\/diariodominicano.com\/index.php?rest_route=\/wp\/v2\/posts"}],"about":[{"href":"https:\/\/diariodominicano.com\/index.php?rest_route=\/wp\/v2\/types\/post"}],"author":[{"embeddable":true,"href":"https:\/\/diariodominicano.com\/index.php?rest_route=\/wp\/v2\/users\/3"}],"replies":[{"embeddable":true,"href":"https:\/\/diariodominicano.com\/index.php?rest_route=%2Fwp%2Fv2%2Fcomments&post=249100"}],"version-history":[{"count":0,"href":"https:\/\/diariodominicano.com\/index.php?rest_route=\/wp\/v2\/posts\/249100\/revisions"}],"wp:attachment":[{"href":"https:\/\/diariodominicano.com\/index.php?rest_route=%2Fwp%2Fv2%2Fmedia&parent=249100"}],"wp:term":[{"taxonomy":"category","embeddable":true,"href":"https:\/\/diariodominicano.com\/index.php?rest_route=%2Fwp%2Fv2%2Fcategories&post=249100"},{"taxonomy":"post_tag","embeddable":true,"href":"https:\/\/diariodominicano.com\/index.php?rest_route=%2Fwp%2Fv2%2Ftags&post=249100"}],"curies":[{"name":"wp","href":"https:\/\/api.w.org\/{rel}","templated":true}]}}