{"id":249099,"date":"2016-08-07T21:37:16","date_gmt":"2016-08-07T21:37:16","guid":{"rendered":"http:\/\/diariodominicano.ddns.net\/?p=249099"},"modified":"2016-08-07T21:37:16","modified_gmt":"2016-08-07T21:37:16","slug":"aumenta-a-38-cifra-de-muertos-por-tormenta-earl-en-mexico","status":"publish","type":"post","link":"https:\/\/diariodominicano.com\/?p=249099","title":{"rendered":"Aumenta a 38 cifra de muertos por tormenta Earl en M\u00e9xico"},"content":{"rendered":"<p><body><\/p>\n<p><img decoding=\"async\" src=\"img3\/mexico77.jpg\" \/>  <\/p>\n<p>Mientras, se forma la tormenta tropical Javier en el Pac\u00edfico mexicano<\/p>\n<p>domingo, 7 de agosto de 2016 &#8211; 3:40 PM<\/p>\n<p>Actualizado en: domingo, 7 de agosto de 2016 &#8211; 9:29 PM<\/p>\n<p>Por Agencia EFE<\/p>\n<\/p>\n<p>Inundaciones en Xalapa a consecuencia del hurac\u00e1n Earl. (EL UNIVERSAL\/Patricia Morales\/EVZ)<\/p>\n<p><strong>CIUDAD DE MEXICO,<\/strong>  El n\u00famero de muertos por el paso del hurac\u00e1n Earl en M\u00e9xico aument\u00f3 el domingo a 38, mientras una nueva tormenta tropical se formaba en el Pac\u00edfico mexicano.<\/p>\n<\/p>\n<p>Por lo menos 28 personas murieron en diversos deslaves en el estado de Puebla, dijo el coordinador nacional de Protecci\u00f3n Civil, Luis Felipe Puente, en entrevista con el canal ForoTV. Dijo que 25 de los decesos se registraron en diversas partes del municipio de Huauchinango, y los otros tres en Tlaola.<\/p>\n<\/p>\n<p>Las lluvias tambi\u00e9n causaron aludes de lodo en tres comunidades del estado costero de Veracruz, en el Golfo de M\u00e9xico, con saldo de 10 personas muertas, dijeron autoridades. El gobernador de Veracruz, Javier Duarte, dijo que hubo deslizamientos de tierra en las ciudades de Coscomatepec, Tequila y Huayacocotla.<\/p>\n<\/p>\n<p>Las fuertes lluvias continuaban en el \u00e1rea, lo que oblig\u00f3 a las autoridades a cerrar una secci\u00f3n de la principal carretera que comunica la regi\u00f3n con la Ciudad de M\u00e9xico. Cuadrillas de trabajadores pasaron el d\u00eda limpiando los escombros del camino, pero las autoridades dijeron que segu\u00eda cayendo lodo por las nuevas precipitaciones.<\/p>\n<\/p>\n<p>Las autoridades federales dijeron que el \u00e1rea recibi\u00f3 en 24 horas la lluvia normal de un mes.<\/p>\n<\/p>\n<p>Horas antes, Gabriel Alvarado, alcalde del municipio de Huauchinango, dijo en un comunicado que las intensas lluvias causaron da\u00f1os que afectaron a por lo menos 200 habitantes. Alvarado confirm\u00f3 entonces ocho decesos, pero se\u00f1al\u00f3 que la cifra podr\u00eda aumentar a medida que avanzaran las labores de b\u00fasqueda.<\/p>\n<\/p>\n<p>\u00abEs una tragedia lo que ha pasado con nuestra gente en Huauchinango\u00bb, afirm\u00f3.<\/p>\n<\/p>\n<p>En tanto, la tormenta tropical Javier se form\u00f3 el domingo en el Oc\u00e9ano Pac\u00edfico, dijo el Centro Nacional de Huracanes de Estados Unidos.<\/p>\n<\/p>\n<p>Javier ten\u00eda vientos sostenidos de 75 kph (45 mph) y su v\u00f3rtice estaba a 250 kil\u00f3metros (155 millas) al oeste-noroeste de Manzanillo, M\u00e9xico. El meteoro se desplazaba con direcci\u00f3n oeste-noroeste a 22 kph (14 mph).<\/p>\n<\/p>\n<p>La tormenta se manten\u00eda en el agua frente a la costa suroccidental de M\u00e9xico, y los meteor\u00f3logos dijeron que podr\u00eda acercarse a primeras horas del martes a la parte sur de la pen\u00ednsula de Baja California, una zona de muchos lugares tur\u00edsticos.<\/p>\n<\/p>\n<p>De acuerdo con los pron\u00f3sticos, Javier dejar\u00e1 entre 10 y 20 cent\u00edmetros (entre cuatro y ocho pulgadas) de lluvia y causar\u00e1 fuertes vientos. Un aviso de tormenta tropical est\u00e1 en vigor desde Manzanillo hasta Cabo Corrientes, y desde la parte sur de la pen\u00ednsula de Baja California hasta Santa Fe.<\/p>\n<\/p>\n<p>Earl fue breve tiempo hurac\u00e1n categor\u00eda 1 antes de azotar la naci\u00f3n centroamericana de Belice y despu\u00e9s la pen\u00ednsula de Yucat\u00e1n en M\u00e9xico, donde caus\u00f3 lluvias y deslaves. Volvi\u00f3 a fortalecerse tras su paso por el Golfo de M\u00e9xico y toc\u00f3 tierra nuevamente el viernes en la noche en la costa de Veracruz.<\/p>\n<\/p>\n<h6> 2016-08-07 21:37:16 <\/h6>\n<p><!--\n<link rel=\"stylesheet\" href=\"css\/bootstrap.min.css\">\n\n\n<ul class=\"pagination\">\n\t    \n\t\n\n<li >\n\t<a href='?page_no=18743'>Previous<\/a>\n\t<\/li>\n\n\n       \n    \n\n<li><a href='?page_no=1'>1<\/a><\/li>\n\n\n\n<li><a href='?page_no=2'>2<\/a><\/li>\n\n\n\n<li><a>...<\/a><\/li>\n\n\n\n<li><a href='?page_no=18742'>18742<\/a><\/li>\n\n\n\n<li><a href='?page_no=18743'>18743<\/a><\/li>\n\n\n\n<li class='active'><a>18744<\/a><\/li>\n\n\n\n<li><a href='?page_no=18745'>18745<\/a><\/li>\n\n\n\n<li><a href='?page_no=18746'>18746<\/a><\/li>\n\n\n\n<li><a>...<\/a><\/li>\n\n\n\n<li><a href='?page_no=51012'>51012<\/a><\/li>\n\n\n\n<li><a href='?page_no=51013'>51013<\/a><\/li>\n\n    \n\t\n\n<li >\n\t<a href='?page_no=18745'>Next<\/a>\n\t<\/li>\n\n\n    \n\n<li><a href='?page_no=51013'>Last &rsaquo;&rsaquo;<\/a><\/li>\n\n<\/ul>\n\n\n--><br \/>\n<\/body><\/p>\n","protected":false},"excerpt":{"rendered":"<p>Mientras, se forma la tormenta tropical Javier en el Pac\u00edfico mexicano domingo, 7 de agosto de 2016 &#8211; 3:40 PM Actualizado en: domingo, 7 de agosto de 2016 &#8211; 9:29 PM Por Agencia EFE Inundaciones en Xalapa a consecuencia del hurac\u00e1n Earl. (EL UNIVERSAL\/Patricia Morales\/EVZ) CIUDAD DE MEXICO, El n\u00famero de muertos por el paso [&hellip;]<\/p>\n","protected":false},"author":3,"featured_media":0,"comment_status":"open","ping_status":"open","sticky":false,"template":"","format":"standard","meta":{"footnotes":""},"categories":[23],"tags":[],"class_list":["post-249099","post","type-post","status-publish","format-standard","hentry","category-internacional"],"_links":{"self":[{"href":"https:\/\/diariodominicano.com\/index.php?rest_route=\/wp\/v2\/posts\/249099","targetHints":{"allow":["GET"]}}],"collection":[{"href":"https:\/\/diariodominicano.com\/index.php?rest_route=\/wp\/v2\/posts"}],"about":[{"href":"https:\/\/diariodominicano.com\/index.php?rest_route=\/wp\/v2\/types\/post"}],"author":[{"embeddable":true,"href":"https:\/\/diariodominicano.com\/index.php?rest_route=\/wp\/v2\/users\/3"}],"replies":[{"embeddable":true,"href":"https:\/\/diariodominicano.com\/index.php?rest_route=%2Fwp%2Fv2%2Fcomments&post=249099"}],"version-history":[{"count":0,"href":"https:\/\/diariodominicano.com\/index.php?rest_route=\/wp\/v2\/posts\/249099\/revisions"}],"wp:attachment":[{"href":"https:\/\/diariodominicano.com\/index.php?rest_route=%2Fwp%2Fv2%2Fmedia&parent=249099"}],"wp:term":[{"taxonomy":"category","embeddable":true,"href":"https:\/\/diariodominicano.com\/index.php?rest_route=%2Fwp%2Fv2%2Fcategories&post=249099"},{"taxonomy":"post_tag","embeddable":true,"href":"https:\/\/diariodominicano.com\/index.php?rest_route=%2Fwp%2Fv2%2Ftags&post=249099"}],"curies":[{"name":"wp","href":"https:\/\/api.w.org\/{rel}","templated":true}]}}