{"id":249097,"date":"2016-08-08T08:17:17","date_gmt":"2016-08-08T08:17:17","guid":{"rendered":"http:\/\/diariodominicano.ddns.net\/?p=249097"},"modified":"2016-08-08T08:17:17","modified_gmt":"2016-08-08T08:17:17","slug":"al-menos-53-muertos-en-atentado-en-hospital-pakistani","status":"publish","type":"post","link":"https:\/\/diariodominicano.com\/?p=249097","title":{"rendered":"Al menos 53 muertos en atentado en hospital pakistan\u00ed"},"content":{"rendered":"<p><body><\/p>\n<p><img decoding=\"async\" src=\"img3\/pakistan-atentado8-8.jpg\" \/>  <\/p>\n<p><span class=\"text1noticias\">Islamabad, 8 ago (PL) Al menos 53 personas murieron y m\u00e1s de 50 resultaron heridas hoy por un atentado terrorista en un hospital ubicado en la ciudad de Quetta, capital de la suroccidental provincia pakistan\u00ed de Beluchist\u00e1n.<\/span><\/p>\n<p><span class=\"text1noticias\"> <\/span><\/p>\n<p><span class=\"text1noticias\">En declaraciones a la prensa, el ministro de Salud del territorio, Rahmatullah Baluch, inform\u00f3 que hasta el momento 53 personas perdieron la vida, aunque la televisora Samaa TV report\u00f3 54.<\/span><\/p>\n<p><span class=\"text1noticias\"> <\/span><\/p>\n<p><span class=\"text1noticias\">La explosi\u00f3n ocurri\u00f3 en la cercan\u00eda de la sala de emergencia, tras lo cual un grupo de hombres armados abri\u00f3 fuego en la instalaci\u00f3n, desatando el p\u00e1nico entre los pacientes y los m\u00e9dicos.<\/span><\/p>\n<p><span class=\"text1noticias\"> <\/span><\/p>\n<p><span class=\"text1noticias\">En el lugar estaban concentrados numerosos periodistas y abogados tras ser trasladado all\u00ed el cuerpo del presidente del Colegio de Abogados de Baluchist\u00e1n, Bilal Kasi, asesinado esta madrugada cuando se dirig\u00eda a su trabajo, explic\u00f3 el secretario del Interior de la provincia, Akbar Harifal.<\/span><\/p>\n<p><span class=\"text1noticias\"> <\/span><\/p>\n<p><span class=\"text1noticias\">Seg\u00fan el jefe de Gobierno de Beluchist\u00e1n, Sanaullah Zehri, fue un atentado suicida planeado.<\/span><\/p>\n<p><span class=\"text1noticias\"> <\/span><\/p>\n<p><span class=\"text1noticias\">Entre los fallecidos se encuentra un camar\u00f3grafo de la televisora nacional Aaj identificado como Shahzad Khan. En tanto Baz Mohammad Kakar, expresidente del colegio de Abogados del territorio, result\u00f3 lesionado.<\/span><\/p>\n<p><span class=\"text1noticias\"> <\/span><\/p>\n<p><span class=\"text1noticias\">La polic\u00eda rode\u00f3 el hospital mientras las autoridades sanitarias declararon el estado de emergencia en los hospitales en Quetta para recibir a los heridos.<\/span><\/p>\n<p><span class=\"text1noticias\"> <\/span><\/p>\n<p><span class=\"text1noticias\">Im\u00e1genes de televisoras locales mostraron al jefe del Comando Sur del Ej\u00e9rcito, teniente general Amir Riaz, visitando a varios heridos.<\/span><\/p>\n<p><span class=\"text1noticias\"> <\/span><\/p>\n<p><span class=\"text1noticias\">Tras el ataque, el primer ministro Nawaz Sharif conden\u00f3 el nuevo acto de violencia y llam\u00f3 a las fuerzas de seguridad a capturar a los culpables del segundo ataque m\u00e1s mort\u00edfero en Pakist\u00e1n en lo que va de a\u00f1o, tras el atentado suicida en un parque lleno de mujeres y ni\u00f1os que dej\u00f3 75 v\u00edctimas mortales en la ciudad de Lahore.<\/span><\/p>\n<p><span class=\"text1noticias\"> <\/span><\/p>\n<p><span class=\"text1noticias\">Aunque hasta el momento ninguna organizaci\u00f3n se adjudic\u00f3 la autor\u00eda, en la zona act\u00faan diversos grupos extremistas como los talibanes y formaciones separatistas baluchis, que reclaman la independencia del territorio.<\/span><\/p>\n<p><span class=\"text1noticias\"> <\/span><\/p>\n<p><span class=\"text1noticias\">En junio tres personas murieron y 28 m\u00e1s resultaron heridas, entre ellos mujeres y ni\u00f1os, al explotar una bomba frente a un mercado en Quetta.<\/span><\/p>\n<p><span class=\"text1noticias\"> <\/span><\/p>\n<p><span class=\"text1noticias\">A principios de enero, el grupo radical Tehreek-e-Taliban Pakistan asumi\u00f3 la responsabilidad del atentado suicida cometido cerca de un centro de vacunaci\u00f3n contra la poliomielitis en esa metr\u00f3poli, que caus\u00f3 15 muertos, la mayor\u00ed<\/span>a polic\u00edas.<\/p>\n<h6> 2016-08-08 08:17:17 <\/h6>\n<p><!--\n<link rel=\"stylesheet\" href=\"css\/bootstrap.min.css\">\n\n\n<ul class=\"pagination\">\n\t    \n\t\n\n<li >\n\t<a href='?page_no=18741'>Previous<\/a>\n\t<\/li>\n\n\n       \n    \n\n<li><a href='?page_no=1'>1<\/a><\/li>\n\n\n\n<li><a href='?page_no=2'>2<\/a><\/li>\n\n\n\n<li><a>...<\/a><\/li>\n\n\n\n<li><a href='?page_no=18740'>18740<\/a><\/li>\n\n\n\n<li><a href='?page_no=18741'>18741<\/a><\/li>\n\n\n\n<li class='active'><a>18742<\/a><\/li>\n\n\n\n<li><a href='?page_no=18743'>18743<\/a><\/li>\n\n\n\n<li><a href='?page_no=18744'>18744<\/a><\/li>\n\n\n\n<li><a>...<\/a><\/li>\n\n\n\n<li><a href='?page_no=51012'>51012<\/a><\/li>\n\n\n\n<li><a href='?page_no=51013'>51013<\/a><\/li>\n\n    \n\t\n\n<li >\n\t<a href='?page_no=18743'>Next<\/a>\n\t<\/li>\n\n\n    \n\n<li><a href='?page_no=51013'>Last &rsaquo;&rsaquo;<\/a><\/li>\n\n<\/ul>\n\n\n--><br \/>\n<\/body><\/p>\n","protected":false},"excerpt":{"rendered":"<p>Islamabad, 8 ago (PL) Al menos 53 personas murieron y m\u00e1s de 50 resultaron heridas hoy por un atentado terrorista en un hospital ubicado en la ciudad de Quetta, capital de la suroccidental provincia pakistan\u00ed de Beluchist\u00e1n. En declaraciones a la prensa, el ministro de Salud del territorio, Rahmatullah Baluch, inform\u00f3 que hasta el momento [&hellip;]<\/p>\n","protected":false},"author":3,"featured_media":0,"comment_status":"open","ping_status":"open","sticky":false,"template":"","format":"standard","meta":{"footnotes":""},"categories":[23],"tags":[],"class_list":["post-249097","post","type-post","status-publish","format-standard","hentry","category-internacional"],"_links":{"self":[{"href":"https:\/\/diariodominicano.com\/index.php?rest_route=\/wp\/v2\/posts\/249097","targetHints":{"allow":["GET"]}}],"collection":[{"href":"https:\/\/diariodominicano.com\/index.php?rest_route=\/wp\/v2\/posts"}],"about":[{"href":"https:\/\/diariodominicano.com\/index.php?rest_route=\/wp\/v2\/types\/post"}],"author":[{"embeddable":true,"href":"https:\/\/diariodominicano.com\/index.php?rest_route=\/wp\/v2\/users\/3"}],"replies":[{"embeddable":true,"href":"https:\/\/diariodominicano.com\/index.php?rest_route=%2Fwp%2Fv2%2Fcomments&post=249097"}],"version-history":[{"count":0,"href":"https:\/\/diariodominicano.com\/index.php?rest_route=\/wp\/v2\/posts\/249097\/revisions"}],"wp:attachment":[{"href":"https:\/\/diariodominicano.com\/index.php?rest_route=%2Fwp%2Fv2%2Fmedia&parent=249097"}],"wp:term":[{"taxonomy":"category","embeddable":true,"href":"https:\/\/diariodominicano.com\/index.php?rest_route=%2Fwp%2Fv2%2Fcategories&post=249097"},{"taxonomy":"post_tag","embeddable":true,"href":"https:\/\/diariodominicano.com\/index.php?rest_route=%2Fwp%2Fv2%2Ftags&post=249097"}],"curies":[{"name":"wp","href":"https:\/\/api.w.org\/{rel}","templated":true}]}}