{"id":249095,"date":"2016-08-08T09:46:27","date_gmt":"2016-08-08T09:46:27","guid":{"rendered":"http:\/\/diariodominicano.ddns.net\/?p=249095"},"modified":"2016-08-08T09:46:27","modified_gmt":"2016-08-08T09:46:27","slug":"iglesia-catolica-en-mexico-define-postura-con-matrimonio-igualitario","status":"publish","type":"post","link":"https:\/\/diariodominicano.com\/?p=249095","title":{"rendered":"Iglesia cat\u00f3lica en M\u00e9xico define postura con matrimonio igualitario"},"content":{"rendered":"<p><body><\/p>\n<p><img decoding=\"async\" src=\"img3\/mexicoarqui8-8.jpg\" \/>  <\/p>\n<p><span class=\"text1noticias\">M\u00e9xico, 8 ago (PL) La Arquidi\u00f3cesis Primada de M\u00e9xico define su postura en contra del matrimonio igualitario en varios textos publicados en el semanario Desde la Fe, revela hoy el diario La Jornada.<\/span><\/p>\n<p><span class=\"text1noticias\"> <\/span><\/p>\n<p><span class=\"text1noticias\">La instituci\u00f3n eclesi\u00e1stica argumenta los da\u00f1os sicol\u00f3gicos, f\u00edsicos, de salud y espirituales que provoca en las parejas y en los hijos naturales o adoptivos de estas.<\/span><\/p>\n<p><span class=\"text1noticias\"> <\/span><\/p>\n<p><span class=\"text1noticias\">Adem\u00e1s pide a los feligreses \u00abno desentenderse del matrimonio gay, pues s\u00ed afecta a la sociedad en su conjunto\u00bb.<\/span><\/p>\n<p><span class=\"text1noticias\"> <\/span><\/p>\n<p><span class=\"text1noticias\">Desde la Fe expone los pro y los contra, aunque afirma no oponerse a los homosexuales, a quienes mira \u00abcon compasiva comprensi\u00f3n y se preocupa por ellos\u00bb.<\/span><\/p>\n<p><span class=\"text1noticias\"> <\/span><\/p>\n<p><span class=\"text1noticias\">Y los exhorta a \u00abesforzarse por vivir en continencia y castidad, fortalecidos por la ayuda sacramental\u00bb.<\/span><\/p>\n<p><span class=\"text1noticias\"> <\/span><\/p>\n<p><span class=\"text1noticias\">El presidente Enrique Pe\u00f1a Nieto present\u00f3 en mayo pasado, a la Comisi\u00f3n Permanente del Congreso, las iniciativas de reformas para reconocer al matrimonio igualitario como derecho hu<\/span>mano.<\/p>\n<h6> 2016-08-08 09:46:27 <\/h6>\n<p><!--\n<link rel=\"stylesheet\" href=\"css\/bootstrap.min.css\">\n\n\n<ul class=\"pagination\">\n\t    \n\t\n\n<li >\n\t<a href='?page_no=18739'>Previous<\/a>\n\t<\/li>\n\n\n       \n    \n\n<li><a href='?page_no=1'>1<\/a><\/li>\n\n\n\n<li><a href='?page_no=2'>2<\/a><\/li>\n\n\n\n<li><a>...<\/a><\/li>\n\n\n\n<li><a href='?page_no=18738'>18738<\/a><\/li>\n\n\n\n<li><a href='?page_no=18739'>18739<\/a><\/li>\n\n\n\n<li class='active'><a>18740<\/a><\/li>\n\n\n\n<li><a href='?page_no=18741'>18741<\/a><\/li>\n\n\n\n<li><a href='?page_no=18742'>18742<\/a><\/li>\n\n\n\n<li><a>...<\/a><\/li>\n\n\n\n<li><a href='?page_no=51012'>51012<\/a><\/li>\n\n\n\n<li><a href='?page_no=51013'>51013<\/a><\/li>\n\n    \n\t\n\n<li >\n\t<a href='?page_no=18741'>Next<\/a>\n\t<\/li>\n\n\n    \n\n<li><a href='?page_no=51013'>Last &rsaquo;&rsaquo;<\/a><\/li>\n\n<\/ul>\n\n\n--><br \/>\n<\/body><\/p>\n","protected":false},"excerpt":{"rendered":"<p>M\u00e9xico, 8 ago (PL) La Arquidi\u00f3cesis Primada de M\u00e9xico define su postura en contra del matrimonio igualitario en varios textos publicados en el semanario Desde la Fe, revela hoy el diario La Jornada. La instituci\u00f3n eclesi\u00e1stica argumenta los da\u00f1os sicol\u00f3gicos, f\u00edsicos, de salud y espirituales que provoca en las parejas y en los hijos naturales [&hellip;]<\/p>\n","protected":false},"author":3,"featured_media":0,"comment_status":"open","ping_status":"open","sticky":false,"template":"","format":"standard","meta":{"footnotes":""},"categories":[23],"tags":[],"class_list":["post-249095","post","type-post","status-publish","format-standard","hentry","category-internacional"],"_links":{"self":[{"href":"https:\/\/diariodominicano.com\/index.php?rest_route=\/wp\/v2\/posts\/249095","targetHints":{"allow":["GET"]}}],"collection":[{"href":"https:\/\/diariodominicano.com\/index.php?rest_route=\/wp\/v2\/posts"}],"about":[{"href":"https:\/\/diariodominicano.com\/index.php?rest_route=\/wp\/v2\/types\/post"}],"author":[{"embeddable":true,"href":"https:\/\/diariodominicano.com\/index.php?rest_route=\/wp\/v2\/users\/3"}],"replies":[{"embeddable":true,"href":"https:\/\/diariodominicano.com\/index.php?rest_route=%2Fwp%2Fv2%2Fcomments&post=249095"}],"version-history":[{"count":0,"href":"https:\/\/diariodominicano.com\/index.php?rest_route=\/wp\/v2\/posts\/249095\/revisions"}],"wp:attachment":[{"href":"https:\/\/diariodominicano.com\/index.php?rest_route=%2Fwp%2Fv2%2Fmedia&parent=249095"}],"wp:term":[{"taxonomy":"category","embeddable":true,"href":"https:\/\/diariodominicano.com\/index.php?rest_route=%2Fwp%2Fv2%2Fcategories&post=249095"},{"taxonomy":"post_tag","embeddable":true,"href":"https:\/\/diariodominicano.com\/index.php?rest_route=%2Fwp%2Fv2%2Ftags&post=249095"}],"curies":[{"name":"wp","href":"https:\/\/api.w.org\/{rel}","templated":true}]}}